{"id":868,"date":"2012-11-07T19:02:06","date_gmt":"2012-11-07T18:02:06","guid":{"rendered":"http:\/\/www.versammlung-und-teilhabe.de\/cms\/?p=868"},"modified":"2012-11-07T21:29:04","modified_gmt":"2012-11-07T20:29:04","slug":"komm-in-die-gange","status":"publish","type":"post","link":"http:\/\/www.versammlung-und-teilhabe.de\/cms\/komm-in-die-gange\/","title":{"rendered":"Hannah Kowalksi an der ZhdK"},"content":{"rendered":"<h1>Hannah Kowalksi an der ZhdK<\/h1>\n<p>Im Zuge der Veranstaltungsreihe <em>Praktiken der k\u00fcnstlerischen Intervention<\/em> an der <a href=\"http:\/\/www.zhdk.ch\/index.php?id=kuenstlerische_intervention\" target=\"_blank\">ZHdK<\/a> spricht Hannah Kowalski \u00fcber die K\u00fcnstlerInnenbesetzung des Hamburger G\u00e4ngeviertels.<\/p>\n<p>Am Mittwoch, 7. November 2012, 20:30 Uhr, in der Ankerstrasse 12 in Z\u00fcrich<\/p>\n","protected":false},"excerpt":{"rendered":"<p>Hannah Kowalksi an der ZhdK Im Zuge der Veranstaltungsreihe Praktiken der k\u00fcnstlerischen Intervention an der ZHdK spricht Hannah Kowalski \u00fcber die K\u00fcnstlerInnenbesetzung des Hamburger G\u00e4ngeviertels. Am Mittwoch, 7. November 2012, 20:30 Uhr, in der Ankerstrasse 12 in Z\u00fcrich<\/p>\n","protected":false},"author":3,"featured_media":0,"comment_status":"closed","ping_status":"closed","sticky":false,"template":"","format":"standard","meta":[],"categories":[6],"tags":[],"_links":{"self":[{"href":"http:\/\/www.versammlung-und-teilhabe.de\/cms\/wp-json\/wp\/v2\/posts\/868"}],"collection":[{"href":"http:\/\/www.versammlung-und-teilhabe.de\/cms\/wp-json\/wp\/v2\/posts"}],"about":[{"href":"http:\/\/www.versammlung-und-teilhabe.de\/cms\/wp-json\/wp\/v2\/types\/post"}],"author":[{"embeddable":true,"href":"http:\/\/www.versammlung-und-teilhabe.de\/cms\/wp-json\/wp\/v2\/users\/3"}],"replies":[{"embeddable":true,"href":"http:\/\/www.versammlung-und-teilhabe.de\/cms\/wp-json\/wp\/v2\/comments?post=868"}],"version-history":[{"count":7,"href":"http:\/\/www.versammlung-und-teilhabe.de\/cms\/wp-json\/wp\/v2\/posts\/868\/revisions"}],"predecessor-version":[{"id":892,"href":"http:\/\/www.versammlung-und-teilhabe.de\/cms\/wp-json\/wp\/v2\/posts\/868\/revisions\/892"}],"wp:attachment":[{"href":"http:\/\/www.versammlung-und-teilhabe.de\/cms\/wp-json\/wp\/v2\/media?parent=868"}],"wp:term":[{"taxonomy":"category","embeddable":true,"href":"http:\/\/www.versammlung-und-teilhabe.de\/cms\/wp-json\/wp\/v2\/categories?post=868"},{"taxonomy":"post_tag","embeddable":true,"href":"http:\/\/www.versammlung-und-teilhabe.de\/cms\/wp-json\/wp\/v2\/tags?post=868"}],"curies":[{"name":"wp","href":"https:\/\/api.w.org\/{rel}","templated":true}]}}