{"id":823,"date":"2012-10-22T13:54:32","date_gmt":"2012-10-22T12:54:32","guid":{"rendered":"http:\/\/www.versammlung-und-teilhabe.de\/cms\/?p=823"},"modified":"2012-10-22T13:54:32","modified_gmt":"2012-10-22T12:54:32","slug":"impulsvortrag-elise-von-bernstorff-fft-dusseldorf","status":"publish","type":"post","link":"http:\/\/www.versammlung-und-teilhabe.de\/cms\/impulsvortrag-elise-von-bernstorff-fft-dusseldorf\/","title":{"rendered":"Impulsvortrag Elise von Bernstorff FFT D\u00fcsseldorf"},"content":{"rendered":"<h1>Impulsvortrag von Elise von Bernstorff am FFT D\u00fcsseldorf<\/h1>\n<p>Elise von Bernstorff: <a title=\"FFT Die leere Lehre\" href=\"http:\/\/www.forum-freies-theater.de\/0910\/dieleerelehrefft.html\" target=\"_blank\">&#8222;Die leere Lehre. Kunst und Lernen nach Benjamin und Ranci\u00e8re&#8220; <\/a>am Donnerstag, 25.10.2012, 18:30 Uhr am FFT, Impulsvortrag zur Produktion <a title=\"Gesellschaft gef\u00e4hrlicher Gedanken\" href=\"http:\/\/www.forum-freies-theater.de\/0910\/gfgg.html\" target=\"_blank\">Gesellschaft gef\u00e4hrlicher Gedanken<\/a><\/p>\n","protected":false},"excerpt":{"rendered":"<p>Impulsvortrag von Elise von Bernstorff am FFT D\u00fcsseldorf Elise von Bernstorff: &#8222;Die leere Lehre. Kunst und Lernen nach Benjamin und Ranci\u00e8re&#8220; am Donnerstag, 25.10.2012, 18:30 Uhr am FFT, Impulsvortrag zur Produktion Gesellschaft gef\u00e4hrlicher Gedanken<\/p>\n","protected":false},"author":2,"featured_media":0,"comment_status":"closed","ping_status":"closed","sticky":false,"template":"","format":"standard","meta":[],"categories":[6],"tags":[],"_links":{"self":[{"href":"http:\/\/www.versammlung-und-teilhabe.de\/cms\/wp-json\/wp\/v2\/posts\/823"}],"collection":[{"href":"http:\/\/www.versammlung-und-teilhabe.de\/cms\/wp-json\/wp\/v2\/posts"}],"about":[{"href":"http:\/\/www.versammlung-und-teilhabe.de\/cms\/wp-json\/wp\/v2\/types\/post"}],"author":[{"embeddable":true,"href":"http:\/\/www.versammlung-und-teilhabe.de\/cms\/wp-json\/wp\/v2\/users\/2"}],"replies":[{"embeddable":true,"href":"http:\/\/www.versammlung-und-teilhabe.de\/cms\/wp-json\/wp\/v2\/comments?post=823"}],"version-history":[{"count":1,"href":"http:\/\/www.versammlung-und-teilhabe.de\/cms\/wp-json\/wp\/v2\/posts\/823\/revisions"}],"predecessor-version":[{"id":824,"href":"http:\/\/www.versammlung-und-teilhabe.de\/cms\/wp-json\/wp\/v2\/posts\/823\/revisions\/824"}],"wp:attachment":[{"href":"http:\/\/www.versammlung-und-teilhabe.de\/cms\/wp-json\/wp\/v2\/media?parent=823"}],"wp:term":[{"taxonomy":"category","embeddable":true,"href":"http:\/\/www.versammlung-und-teilhabe.de\/cms\/wp-json\/wp\/v2\/categories?post=823"},{"taxonomy":"post_tag","embeddable":true,"href":"http:\/\/www.versammlung-und-teilhabe.de\/cms\/wp-json\/wp\/v2\/tags?post=823"}],"curies":[{"name":"wp","href":"https:\/\/api.w.org\/{rel}","templated":true}]}}