{"id":814,"date":"2012-10-22T11:58:14","date_gmt":"2012-10-22T10:58:14","guid":{"rendered":"http:\/\/www.versammlung-und-teilhabe.de\/cms\/?p=814"},"modified":"2012-10-30T16:12:02","modified_gmt":"2012-10-30T15:12:02","slug":"martin-nachbar-2","status":"publish","type":"post","link":"http:\/\/www.versammlung-und-teilhabe.de\/cms\/martin-nachbar-2\/","title":{"rendered":"Martin Nachbar"},"content":{"rendered":"<h1>Zu Fu\u00df in der Stadt. \u00dcber die Choreographien leiblicher Raumkonstitution<\/h1>\n<p><!--more-->Elisabeth Konau beschreibt Bewegung als \u201ekonstitutiven Bestandteil \u201agelebten\u2019 Raumes\u201c. Christine Weiske bezeichnet \u00d6ffentlichkeit als ein Ereignis, \u201edas durch seine Akteure und seine Szenerien stattfindet\u201c. Gehen, das sich fortw\u00e4hrend in der Stadt ereignet und durch das die st\u00e4dtischen Akteure in direkten Kontakt miteinander geraten, eignet in diesem Zusammenhang als subversive Methode, sich R\u00e4ume nicht nur anzueignen (De Certeau), sondern sie auch performativ zu konstituieren. Das Projekt untersucht, inwieweit Gehen st\u00e4dtische R\u00e4ume mitgestaltet. Es greift auf Raumtheorien aus Philosophie und Sozialwissenschaften zur\u00fcck und setzt sie in Bezug zu Theorien des Performativen aus den Performancewissenschaften. Dabei fokussiert sie auf choreographisch-k\u00fcnstlerische Interventionen und untersucht, wie Choreographen und Performancek\u00fcnstler Gehen im \u00f6ffentlichen Stadtraum eingesetzt und welche Wirkungen sie damit erzielt haben. Anhand von Untersuchungen aus Tanz- und Performancewissenschaften und den Leibtheorien der Ph\u00e4nomenologie wird untersucht, welchen Einfluss die leiblichen Aspekte des Gehens auf Raumkonstitutionen haben. Au\u00dferdem werden durch k\u00fcnstlerische Arbeiten Interventionen im Stadtraum erprobt: Was kann Gehen mit dem \u00f6ffentlichen Raum anstellen?<\/p>\n","protected":false},"excerpt":{"rendered":"<p>Zu Fu\u00df in der Stadt. \u00dcber die Choreographien leiblicher Raumkonstitution<\/p>\n","protected":false},"author":2,"featured_media":0,"comment_status":"closed","ping_status":"closed","sticky":false,"template":"","format":"standard","meta":[],"categories":[8],"tags":[],"_links":{"self":[{"href":"http:\/\/www.versammlung-und-teilhabe.de\/cms\/wp-json\/wp\/v2\/posts\/814"}],"collection":[{"href":"http:\/\/www.versammlung-und-teilhabe.de\/cms\/wp-json\/wp\/v2\/posts"}],"about":[{"href":"http:\/\/www.versammlung-und-teilhabe.de\/cms\/wp-json\/wp\/v2\/types\/post"}],"author":[{"embeddable":true,"href":"http:\/\/www.versammlung-und-teilhabe.de\/cms\/wp-json\/wp\/v2\/users\/2"}],"replies":[{"embeddable":true,"href":"http:\/\/www.versammlung-und-teilhabe.de\/cms\/wp-json\/wp\/v2\/comments?post=814"}],"version-history":[{"count":6,"href":"http:\/\/www.versammlung-und-teilhabe.de\/cms\/wp-json\/wp\/v2\/posts\/814\/revisions"}],"predecessor-version":[{"id":816,"href":"http:\/\/www.versammlung-und-teilhabe.de\/cms\/wp-json\/wp\/v2\/posts\/814\/revisions\/816"}],"wp:attachment":[{"href":"http:\/\/www.versammlung-und-teilhabe.de\/cms\/wp-json\/wp\/v2\/media?parent=814"}],"wp:term":[{"taxonomy":"category","embeddable":true,"href":"http:\/\/www.versammlung-und-teilhabe.de\/cms\/wp-json\/wp\/v2\/categories?post=814"},{"taxonomy":"post_tag","embeddable":true,"href":"http:\/\/www.versammlung-und-teilhabe.de\/cms\/wp-json\/wp\/v2\/tags?post=814"}],"curies":[{"name":"wp","href":"https:\/\/api.w.org\/{rel}","templated":true}]}}