{"id":793,"date":"2012-09-27T19:06:30","date_gmt":"2012-09-27T18:06:30","guid":{"rendered":"http:\/\/www.versammlung-und-teilhabe.de\/cms\/?p=793"},"modified":"2012-09-27T19:08:03","modified_gmt":"2012-09-27T18:08:03","slug":"vortrage-sylvi-kretzschmar-und-sebastian-matthias","status":"publish","type":"post","link":"http:\/\/www.versammlung-und-teilhabe.de\/cms\/vortrage-sylvi-kretzschmar-und-sebastian-matthias\/","title":{"rendered":"Vortr\u00e4ge Sylvi Kretzschmar und Sebastian Matthias"},"content":{"rendered":"<h1>Vortr\u00e4ge von Sylvi Kretzschmar und Sebastian Matthias beim Kongress der Gesellschaft f\u00fcr Theaterwissenschaft<\/h1>\n<p>Sylvi Kretzschmar: &#8222;Die politische Rede als PUBLIC ADDRESS SYSTEM&#8220;, Panel <a title=\"Panel Sound des Protests\" href=\"http:\/\/www.sound2012.org\/de\/programm\/fr\/#\" target=\"_blank\">Sound als Protest<\/a>, 05.10.2012, 15 Uhr<\/p>\n<p>Sebastian Matthias: &#8222;groove feeling \u2013 Somatischer Sound und partizipative Performance&#8220;, Panel <a title=\"Panel Sound und Popul\u00e4rkultur\" href=\"http:\/\/www.sound2012.org\/de\/programm\/sa\/\" target=\"_blank\">Sound und Popkultur<\/a>, 06.10.2012, 13:30 Uhr<\/p>\n<p><a title=\"Sound und Performance\" href=\"http:\/\/www.sound2012.org\/\" target=\"_blank\">SOUND UND PERFORMANCE<\/a> 4.-7.Oktober 2012<br \/>\n11. Kongress der Gesellschaft f\u00fcr Theaterwissenschaft<br \/>\nUniversit\u00e4t Bayreuth\/ Fachgruppe Musiktheater<\/p>\n","protected":false},"excerpt":{"rendered":"<p>Vortr\u00e4ge von Sylvi Kretzschmar und Sebastian Matthias beim Kongress der Gesellschaft f\u00fcr Theaterwissenschaft Sylvi Kretzschmar: &#8222;Die politische Rede als PUBLIC ADDRESS SYSTEM&#8220;, Panel Sound als Protest, 05.10.2012, 15 Uhr Sebastian Matthias: &#8222;groove feeling \u2013 Somatischer Sound und partizipative Performance&#8220;, Panel &hellip; <a href=\"http:\/\/www.versammlung-und-teilhabe.de\/cms\/vortrage-sylvi-kretzschmar-und-sebastian-matthias\/\">Weiterlesen <span class=\"meta-nav\">&rarr;<\/span><\/a><\/p>\n","protected":false},"author":2,"featured_media":0,"comment_status":"closed","ping_status":"closed","sticky":false,"template":"","format":"standard","meta":[],"categories":[6],"tags":[],"_links":{"self":[{"href":"http:\/\/www.versammlung-und-teilhabe.de\/cms\/wp-json\/wp\/v2\/posts\/793"}],"collection":[{"href":"http:\/\/www.versammlung-und-teilhabe.de\/cms\/wp-json\/wp\/v2\/posts"}],"about":[{"href":"http:\/\/www.versammlung-und-teilhabe.de\/cms\/wp-json\/wp\/v2\/types\/post"}],"author":[{"embeddable":true,"href":"http:\/\/www.versammlung-und-teilhabe.de\/cms\/wp-json\/wp\/v2\/users\/2"}],"replies":[{"embeddable":true,"href":"http:\/\/www.versammlung-und-teilhabe.de\/cms\/wp-json\/wp\/v2\/comments?post=793"}],"version-history":[{"count":2,"href":"http:\/\/www.versammlung-und-teilhabe.de\/cms\/wp-json\/wp\/v2\/posts\/793\/revisions"}],"predecessor-version":[{"id":795,"href":"http:\/\/www.versammlung-und-teilhabe.de\/cms\/wp-json\/wp\/v2\/posts\/793\/revisions\/795"}],"wp:attachment":[{"href":"http:\/\/www.versammlung-und-teilhabe.de\/cms\/wp-json\/wp\/v2\/media?parent=793"}],"wp:term":[{"taxonomy":"category","embeddable":true,"href":"http:\/\/www.versammlung-und-teilhabe.de\/cms\/wp-json\/wp\/v2\/categories?post=793"},{"taxonomy":"post_tag","embeddable":true,"href":"http:\/\/www.versammlung-und-teilhabe.de\/cms\/wp-json\/wp\/v2\/tags?post=793"}],"curies":[{"name":"wp","href":"https:\/\/api.w.org\/{rel}","templated":true}]}}