{"id":789,"date":"2012-09-27T18:45:38","date_gmt":"2012-09-27T17:45:38","guid":{"rendered":"http:\/\/www.versammlung-und-teilhabe.de\/cms\/?p=789"},"modified":"2012-09-27T18:47:31","modified_gmt":"2012-09-27T17:47:31","slug":"vortrag-gursoy-dogtas","status":"publish","type":"post","link":"http:\/\/www.versammlung-und-teilhabe.de\/cms\/vortrag-gursoy-dogtas\/","title":{"rendered":"Vortrag G\u00fcrsoy Dogtas"},"content":{"rendered":"<h1>Vortrag G\u00fcrsoy Dogtas in M\u00fcnchen<\/h1>\n<p>Burcu Dogramaci und G\u00fcrsoy Dogtas: <a title=\"Haus der Kunst Vortrag\" href=\"http:\/\/www.hausderkunst.de\/?id=83&amp;tx_ttnews%5Btt_news%5D=2586&amp;L=0\" target=\"_blank\">\u201eRudolf Belling \u2013 \u00c4sthetische und ideologische K\u00e4mpfe\u201c<\/a> im Haus der der Kunst, M\u00fcnchen, 25.09.2012, 19 Uhr<\/p>\n","protected":false},"excerpt":{"rendered":"<p>Vortrag G\u00fcrsoy Dogtas in M\u00fcnchen Burcu Dogramaci und G\u00fcrsoy Dogtas: \u201eRudolf Belling \u2013 \u00c4sthetische und ideologische K\u00e4mpfe\u201c im Haus der der Kunst, M\u00fcnchen, 25.09.2012, 19 Uhr<\/p>\n","protected":false},"author":2,"featured_media":0,"comment_status":"closed","ping_status":"closed","sticky":false,"template":"","format":"standard","meta":[],"categories":[6],"tags":[],"_links":{"self":[{"href":"http:\/\/www.versammlung-und-teilhabe.de\/cms\/wp-json\/wp\/v2\/posts\/789"}],"collection":[{"href":"http:\/\/www.versammlung-und-teilhabe.de\/cms\/wp-json\/wp\/v2\/posts"}],"about":[{"href":"http:\/\/www.versammlung-und-teilhabe.de\/cms\/wp-json\/wp\/v2\/types\/post"}],"author":[{"embeddable":true,"href":"http:\/\/www.versammlung-und-teilhabe.de\/cms\/wp-json\/wp\/v2\/users\/2"}],"replies":[{"embeddable":true,"href":"http:\/\/www.versammlung-und-teilhabe.de\/cms\/wp-json\/wp\/v2\/comments?post=789"}],"version-history":[{"count":3,"href":"http:\/\/www.versammlung-und-teilhabe.de\/cms\/wp-json\/wp\/v2\/posts\/789\/revisions"}],"predecessor-version":[{"id":792,"href":"http:\/\/www.versammlung-und-teilhabe.de\/cms\/wp-json\/wp\/v2\/posts\/789\/revisions\/792"}],"wp:attachment":[{"href":"http:\/\/www.versammlung-und-teilhabe.de\/cms\/wp-json\/wp\/v2\/media?parent=789"}],"wp:term":[{"taxonomy":"category","embeddable":true,"href":"http:\/\/www.versammlung-und-teilhabe.de\/cms\/wp-json\/wp\/v2\/categories?post=789"},{"taxonomy":"post_tag","embeddable":true,"href":"http:\/\/www.versammlung-und-teilhabe.de\/cms\/wp-json\/wp\/v2\/tags?post=789"}],"curies":[{"name":"wp","href":"https:\/\/api.w.org\/{rel}","templated":true}]}}