{"id":41,"date":"2012-02-24T16:32:26","date_gmt":"2012-02-24T15:32:26","guid":{"rendered":"http:\/\/www.versammlung-und-teilhabe.de\/cms\/?p=41"},"modified":"2012-07-17T14:16:48","modified_gmt":"2012-07-17T13:16:48","slug":"auftaktveranstaltung","status":"publish","type":"post","link":"http:\/\/www.versammlung-und-teilhabe.de\/cms\/auftaktveranstaltung\/","title":{"rendered":"Auftaktveranstaltung"},"content":{"rendered":"<h1>20.-22. April 2012<br \/>\nVersammlung und Teilhabe: Urbane \u00d6ffentlichkeiten und performative K\u00fcnste<\/h1>\n<p>Im Fr\u00fchjahr 2012 nimmt das Graduiertenkolleg seine Arbeit auf: Die gleichnamige Auftakttagung wandert zwischen den drei beteiligten Institutionen hin und her und befragt und erprobt verschiedene Formen von Versammlung und Teilhabe. Wissenschaftler_innen und K\u00fcnstler_innen diskutieren mit allen Interessierten \u00fcber neue politische Bewegungsformen, k\u00fcnstlerische Konzepte der Teilhabe und die Kritik der Partizipation. Mit szenischen Versammlungen, Installationen und Lecture Performances stellen die k\u00fcnstlerischen Institutionen ihre Arbeit vor und das <strong>\u201eAlphabet der transdisziplin\u00e4ren Forschung\u201c<\/strong> wird begonnen, in dem erste Begriffe und Verfahrensweisen des Forschens zwischen Wissenschaft, Kunst und Alltagsexpertise vorgestellt und diskutiert werden.<\/p>\n<p><strong>Flyer:<\/strong><br \/>\n<a href=\"http:\/\/versammlung-und-teilhabe.de\/cms\/wp-content\/uploads\/2012\/03\/Flyer-Versammlung-Teilhabe-Auftakt-04-2012.pdf\" target=\"_blank\"><img loading=\"lazy\" class=\"alignnone size-full wp-image-128\" title=\"flyer-small\" src=\"http:\/\/www.versammlung-und-teilhabe.de\/cms\/wp-content\/uploads\/2012\/02\/flyer-small.jpg\" alt=\"\" width=\"160\" height=\"179\" \/><\/a><\/p>\n","protected":false},"excerpt":{"rendered":"<p>20.-22. April 2012 Versammlung und Teilhabe: Urbane \u00d6ffentlichkeiten und performative K\u00fcnste Im Fr\u00fchjahr 2012 nimmt das Graduiertenkolleg seine Arbeit auf: Die gleichnamige Auftakttagung wandert zwischen den drei beteiligten Institutionen hin und her und befragt und erprobt verschiedene Formen von Versammlung &hellip; <a href=\"http:\/\/www.versammlung-und-teilhabe.de\/cms\/auftaktveranstaltung\/\">Weiterlesen <span class=\"meta-nav\">&rarr;<\/span><\/a><\/p>\n","protected":false},"author":1,"featured_media":0,"comment_status":"closed","ping_status":"closed","sticky":false,"template":"","format":"standard","meta":[],"categories":[6,3],"tags":[],"_links":{"self":[{"href":"http:\/\/www.versammlung-und-teilhabe.de\/cms\/wp-json\/wp\/v2\/posts\/41"}],"collection":[{"href":"http:\/\/www.versammlung-und-teilhabe.de\/cms\/wp-json\/wp\/v2\/posts"}],"about":[{"href":"http:\/\/www.versammlung-und-teilhabe.de\/cms\/wp-json\/wp\/v2\/types\/post"}],"author":[{"embeddable":true,"href":"http:\/\/www.versammlung-und-teilhabe.de\/cms\/wp-json\/wp\/v2\/users\/1"}],"replies":[{"embeddable":true,"href":"http:\/\/www.versammlung-und-teilhabe.de\/cms\/wp-json\/wp\/v2\/comments?post=41"}],"version-history":[{"count":22,"href":"http:\/\/www.versammlung-und-teilhabe.de\/cms\/wp-json\/wp\/v2\/posts\/41\/revisions"}],"predecessor-version":[{"id":683,"href":"http:\/\/www.versammlung-und-teilhabe.de\/cms\/wp-json\/wp\/v2\/posts\/41\/revisions\/683"}],"wp:attachment":[{"href":"http:\/\/www.versammlung-und-teilhabe.de\/cms\/wp-json\/wp\/v2\/media?parent=41"}],"wp:term":[{"taxonomy":"category","embeddable":true,"href":"http:\/\/www.versammlung-und-teilhabe.de\/cms\/wp-json\/wp\/v2\/categories?post=41"},{"taxonomy":"post_tag","embeddable":true,"href":"http:\/\/www.versammlung-und-teilhabe.de\/cms\/wp-json\/wp\/v2\/tags?post=41"}],"curies":[{"name":"wp","href":"https:\/\/api.w.org\/{rel}","templated":true}]}}