{"id":380,"date":"2012-04-10T15:06:01","date_gmt":"2012-04-10T14:06:01","guid":{"rendered":"http:\/\/www.versammlung-und-teilhabe.de\/cms\/?p=380"},"modified":"2012-11-28T17:14:38","modified_gmt":"2012-11-28T16:14:38","slug":"margarita-tsomou-profil","status":"publish","type":"post","link":"http:\/\/www.versammlung-und-teilhabe.de\/cms\/margarita-tsomou-profil\/","title":{"rendered":"Margarita Tsomou"},"content":{"rendered":"<h1>Stipendiatin \/ Doktorandin<\/h1>\n<p><!--more--><\/p>\n<p><strong>Margarita Tsomou<\/strong> hat \u201eAngewandte Kulturwissenschaften\u201c an der Universit\u00e4t L\u00fcneburg studiert und arbeitet als Autorin und Performerin zwischen Hamburg, Berlin und Athen. Sie gibt die Popfeministische Zeitschrift \u201eMissy Magazine\u201c heraus und schreibt f\u00fcr Print (u.a. taz, Berliner Zeitung) und Radio (wdr, swr). Ihre Performance- Arbeit wurde in Kontexten wie Hebbel am Ufer (z.B. \u201eWir sind ein Bild aus der Zukunft\u201c) oder der Volksb\u00fchne Berlin (\u201eNackte Agitation\u201c) gezeigt. Als Kuratorin arbeitete sie mit dem Goethe Institut Athen, u.a. f\u00fcr das Performance-Festival \u201eGenderpop in Athens\u201c, das sie mit dem Autor und Performer Tim St\u00fcttgen kuratierte.<\/p>\n<p>Seit zwei Jahren arbeitet sie zur Krise in Griechenland und der dortigen Widerstandsbewegung und interveniert als deutsch-griechische Journalistin, Dokumentaristin und Kulturaktivistin in den deutschen \u00f6ffentlichen Diskurs um die europ\u00e4ische Schuldenkrise.<\/p>\n<p>Tsomou h\u00e4lt Vortr\u00e4ge, schreibt und performt zu Themen wie Neuen Feminismus, Femininit\u00e4t und Sexualit\u00e4tskritik sowie zu kulturellen Protestformen, Interventionskunst, Kapitalismuskritik und sozialen Bewegungen.<\/p>\n","protected":false},"excerpt":{"rendered":"<p>Stipendiatin \/ Doktorandin<\/p>\n","protected":false},"author":1,"featured_media":0,"comment_status":"closed","ping_status":"closed","sticky":false,"template":"","format":"standard","meta":[],"categories":[9],"tags":[],"_links":{"self":[{"href":"http:\/\/www.versammlung-und-teilhabe.de\/cms\/wp-json\/wp\/v2\/posts\/380"}],"collection":[{"href":"http:\/\/www.versammlung-und-teilhabe.de\/cms\/wp-json\/wp\/v2\/posts"}],"about":[{"href":"http:\/\/www.versammlung-und-teilhabe.de\/cms\/wp-json\/wp\/v2\/types\/post"}],"author":[{"embeddable":true,"href":"http:\/\/www.versammlung-und-teilhabe.de\/cms\/wp-json\/wp\/v2\/users\/1"}],"replies":[{"embeddable":true,"href":"http:\/\/www.versammlung-und-teilhabe.de\/cms\/wp-json\/wp\/v2\/comments?post=380"}],"version-history":[{"count":8,"href":"http:\/\/www.versammlung-und-teilhabe.de\/cms\/wp-json\/wp\/v2\/posts\/380\/revisions"}],"predecessor-version":[{"id":939,"href":"http:\/\/www.versammlung-und-teilhabe.de\/cms\/wp-json\/wp\/v2\/posts\/380\/revisions\/939"}],"wp:attachment":[{"href":"http:\/\/www.versammlung-und-teilhabe.de\/cms\/wp-json\/wp\/v2\/media?parent=380"}],"wp:term":[{"taxonomy":"category","embeddable":true,"href":"http:\/\/www.versammlung-und-teilhabe.de\/cms\/wp-json\/wp\/v2\/categories?post=380"},{"taxonomy":"post_tag","embeddable":true,"href":"http:\/\/www.versammlung-und-teilhabe.de\/cms\/wp-json\/wp\/v2\/tags?post=380"}],"curies":[{"name":"wp","href":"https:\/\/api.w.org\/{rel}","templated":true}]}}