{"id":376,"date":"2012-04-10T15:04:49","date_gmt":"2012-04-10T14:04:49","guid":{"rendered":"http:\/\/www.versammlung-und-teilhabe.de\/cms\/?p=376"},"modified":"2012-10-02T12:47:58","modified_gmt":"2012-10-02T11:47:58","slug":"dorothea-griesbach-profil","status":"publish","type":"post","link":"http:\/\/www.versammlung-und-teilhabe.de\/cms\/dorothea-griesbach-profil\/","title":{"rendered":"Dorothea Grie\u00dfbach"},"content":{"rendered":"<h1>Stipendiatin \/ Doktorandin<\/h1>\n<p><!--more--><strong>Dorothea Grie\u00dfbach<\/strong>, Dokumentarfilmerin, lebt und arbeitet in Hamburg. Studium und Diplom f\u00fcr Visuelle Kommunikation an der Hochschule f\u00fcr bildende K\u00fcnste in Hamburg. Realisation zahlreicher Video-Dokumentationen von Performances und Theaterprojekten. Dar\u00fcber hinaus Realisation von Dokumentarfilmen, TV-Beitr\u00e4gen (1996 \u2013 1999) und H\u00f6rfunkfeatures (seit 1998) mit thematischem Schwerpunkt auf nordafrikanische Literatur, Migration, interkulturellen und interreligi\u00f6sen Dialog. Von 2006 bis 2011 auch Koordinatorin des Interdisziplin\u00e4ren Zentrums Weltreligionen im Dialog\/Akademie der Weltreligionen der Universit\u00e4t Hamburg.<\/p>\n<p>Im Graduiertenkolleg f\u00fchrt Dorothea Grie\u00dfbach eine <a title=\"Dorothea Grie\u00dfbach\" href=\"http:\/\/www.versammlung-und-teilhabe.de\/cms\/dorothea-griesbach-profil-2\/\">ethnographische und k\u00fcnstlerische Untersuchung audiovisueller Selbstrepr\u00e4sentation lokaler AkteurInnen am Beispiel Hamburgs <\/a>durch.<\/p>\n","protected":false},"excerpt":{"rendered":"<p>Stipendiatin \/ Doktorandin<\/p>\n","protected":false},"author":1,"featured_media":0,"comment_status":"closed","ping_status":"closed","sticky":false,"template":"","format":"standard","meta":[],"categories":[9],"tags":[],"_links":{"self":[{"href":"http:\/\/www.versammlung-und-teilhabe.de\/cms\/wp-json\/wp\/v2\/posts\/376"}],"collection":[{"href":"http:\/\/www.versammlung-und-teilhabe.de\/cms\/wp-json\/wp\/v2\/posts"}],"about":[{"href":"http:\/\/www.versammlung-und-teilhabe.de\/cms\/wp-json\/wp\/v2\/types\/post"}],"author":[{"embeddable":true,"href":"http:\/\/www.versammlung-und-teilhabe.de\/cms\/wp-json\/wp\/v2\/users\/1"}],"replies":[{"embeddable":true,"href":"http:\/\/www.versammlung-und-teilhabe.de\/cms\/wp-json\/wp\/v2\/comments?post=376"}],"version-history":[{"count":9,"href":"http:\/\/www.versammlung-und-teilhabe.de\/cms\/wp-json\/wp\/v2\/posts\/376\/revisions"}],"predecessor-version":[{"id":800,"href":"http:\/\/www.versammlung-und-teilhabe.de\/cms\/wp-json\/wp\/v2\/posts\/376\/revisions\/800"}],"wp:attachment":[{"href":"http:\/\/www.versammlung-und-teilhabe.de\/cms\/wp-json\/wp\/v2\/media?parent=376"}],"wp:term":[{"taxonomy":"category","embeddable":true,"href":"http:\/\/www.versammlung-und-teilhabe.de\/cms\/wp-json\/wp\/v2\/categories?post=376"},{"taxonomy":"post_tag","embeddable":true,"href":"http:\/\/www.versammlung-und-teilhabe.de\/cms\/wp-json\/wp\/v2\/tags?post=376"}],"curies":[{"name":"wp","href":"https:\/\/api.w.org\/{rel}","templated":true}]}}