{"id":372,"date":"2012-04-10T15:03:52","date_gmt":"2012-04-10T14:03:52","guid":{"rendered":"http:\/\/www.versammlung-und-teilhabe.de\/cms\/?p=372"},"modified":"2012-08-30T09:41:05","modified_gmt":"2012-08-30T08:41:05","slug":"sylvi-kretzschmar-profil","status":"publish","type":"post","link":"http:\/\/www.versammlung-und-teilhabe.de\/cms\/sylvi-kretzschmar-profil\/","title":{"rendered":"Sylvi Kretzschmar"},"content":{"rendered":"<h1>Stipendiatin \/ Doktorandin<\/h1>\n<p><!--more--><strong>Sylvi Kretzschmar<\/strong> (*1977 Jena) arbeitet an den Grenzen zwischen Performance, (elektronischer) Musik und Choreographie. Unter dem Namen SKILLS macht sie gemeinsam mit Camilla Milena F\u00e9her (Berlin) eigene Musik mit den Mitteln von Tanz und Bewegung. Das Duo befragt die Rolle des K\u00f6rpers in der Auff\u00fchrung elektronischer Musik. Sylvi Kretzschmar ist Absolventin des Gie\u00dfener Instituts f\u00fcr Angewandte Theaterwissenschaft. Sie hat mit ELECTRONIC MUSIC THEATER, Gudrun Lange, dem Performancekollektiv PONI u.a. gearbeitet. 2008 war sie Residentin bei K3 &#8211; Zentrum f\u00fcr Choreographie\/ Tanzplan Hamburg. Zuletzt waren die Konzert-Performances LAUTSPRECHER\/ SPEAKER und GOLD GOLD auf Kampnagel zu sehen. Sylvi Kretzschmar ist Teil des mobilen Einsatzkommando SCHWABINGGRAD BALLETT: das aktivistisch-k\u00fcnstlerische Kollektiv stellt in Demonstrationen und Interventionen unerwartete Situationen jenseits ritualisierter linker Protestformen her. Im Graduiertenkolleg arbeitet Sylvi Kretzschmar an ihrem k\u00fcnstlerisch-wissenschaftlichen Forschungsprojekt <a title=\"Sylvi Kretzschmar\" href=\"http:\/\/www.versammlung-und-teilhabe.de\/cms\/sylvi-kretzschmar-profil-2\/\">PUBLIC ADDRESS SYSTEM \u2013 Eine performative Erforschung der Politischen Rede als Technik<\/a>.<\/p>\n<p><a title=\"we are the skills\" href=\"http:\/\/we-are-the-skills.de\" target=\"_blank\">http:\/\/we-are-the-skills.de<\/a><br \/>\n<a href=\"http:\/\/schwabinggrad-ballet.org\" target=\"_blank\">http:\/\/schwabinggrad-ballett.org<\/a><\/p>\n","protected":false},"excerpt":{"rendered":"<p>Stipendiatin \/ Doktorandin<\/p>\n","protected":false},"author":1,"featured_media":0,"comment_status":"closed","ping_status":"closed","sticky":false,"template":"","format":"standard","meta":[],"categories":[9],"tags":[],"_links":{"self":[{"href":"http:\/\/www.versammlung-und-teilhabe.de\/cms\/wp-json\/wp\/v2\/posts\/372"}],"collection":[{"href":"http:\/\/www.versammlung-und-teilhabe.de\/cms\/wp-json\/wp\/v2\/posts"}],"about":[{"href":"http:\/\/www.versammlung-und-teilhabe.de\/cms\/wp-json\/wp\/v2\/types\/post"}],"author":[{"embeddable":true,"href":"http:\/\/www.versammlung-und-teilhabe.de\/cms\/wp-json\/wp\/v2\/users\/1"}],"replies":[{"embeddable":true,"href":"http:\/\/www.versammlung-und-teilhabe.de\/cms\/wp-json\/wp\/v2\/comments?post=372"}],"version-history":[{"count":13,"href":"http:\/\/www.versammlung-und-teilhabe.de\/cms\/wp-json\/wp\/v2\/posts\/372\/revisions"}],"predecessor-version":[{"id":488,"href":"http:\/\/www.versammlung-und-teilhabe.de\/cms\/wp-json\/wp\/v2\/posts\/372\/revisions\/488"}],"wp:attachment":[{"href":"http:\/\/www.versammlung-und-teilhabe.de\/cms\/wp-json\/wp\/v2\/media?parent=372"}],"wp:term":[{"taxonomy":"category","embeddable":true,"href":"http:\/\/www.versammlung-und-teilhabe.de\/cms\/wp-json\/wp\/v2\/categories?post=372"},{"taxonomy":"post_tag","embeddable":true,"href":"http:\/\/www.versammlung-und-teilhabe.de\/cms\/wp-json\/wp\/v2\/tags?post=372"}],"curies":[{"name":"wp","href":"https:\/\/api.w.org\/{rel}","templated":true}]}}