{"id":368,"date":"2012-04-10T15:02:08","date_gmt":"2012-04-10T14:02:08","guid":{"rendered":"http:\/\/www.versammlung-und-teilhabe.de\/cms\/?p=368"},"modified":"2012-07-26T14:11:38","modified_gmt":"2012-07-26T13:11:38","slug":"stefanie-lorey-profil","status":"publish","type":"post","link":"http:\/\/www.versammlung-und-teilhabe.de\/cms\/stefanie-lorey-profil\/","title":{"rendered":"Stefanie Lorey"},"content":{"rendered":"<h1>Stipendiatin \/ Doktorandin<\/h1>\n<p><!--more--><strong>Stefanie Lorey<\/strong> studierte zun\u00e4chst in K\u00f6ln, dann in Giessen, wo sie ihr Studium 2005 als Diplom-Theaterwissenschaftlerin abschloss. Seit 2001 realisiert sie zusammen mit Bjoern Auftrag unter dem Label Auftrag : Lorey Projekte, die sich an der Grenze zwischen Performance und installativer Kunst bewegen. 2009 bis 2011 war sie Dorothea-Erxleben Stipendiatin an der Hochschule f\u00fcr Bildende K\u00fcnste in Braunschweig. Seither diverse Lehrt\u00e4tigkeiten an der Kunsthochschule sowie an Universit\u00e4ten in Hamburg und Frankfurt.<\/p>\n<p>Im Graduiertenkolleg arbeitet Stefanie Lorey zu <a title=\"Stefanie Lorey\" href=\"http:\/\/www.versammlung-und-teilhabe.de\/cms\/stefanie-lorey-profil-2\/\">Sammeln und Ordnen als Darstellungsform und k\u00fcnstlerische Methode<\/a>.<\/p>\n<p><a title=\"Schaefers Philippen Auftrag:Lorey\" href=\"http:\/\/www.schaefersphilippen.de\/index.php?id=145\" target=\"_blank\">http:\/\/www.schaefersphilippen.de<\/a><\/p>\n<p><a href=\"http:\/\/www.goethe.de\/kue\/the\/pur\/auf\/deindex.htm\" target=\"_blank\">http:\/\/www.goethe.de\/kue\/the\/pur\/auf\/deindex.htm<\/a><\/p>\n","protected":false},"excerpt":{"rendered":"<p>Stipendiatin \/ Doktorandin<\/p>\n","protected":false},"author":1,"featured_media":0,"comment_status":"closed","ping_status":"closed","sticky":false,"template":"","format":"standard","meta":[],"categories":[9],"tags":[],"_links":{"self":[{"href":"http:\/\/www.versammlung-und-teilhabe.de\/cms\/wp-json\/wp\/v2\/posts\/368"}],"collection":[{"href":"http:\/\/www.versammlung-und-teilhabe.de\/cms\/wp-json\/wp\/v2\/posts"}],"about":[{"href":"http:\/\/www.versammlung-und-teilhabe.de\/cms\/wp-json\/wp\/v2\/types\/post"}],"author":[{"embeddable":true,"href":"http:\/\/www.versammlung-und-teilhabe.de\/cms\/wp-json\/wp\/v2\/users\/1"}],"replies":[{"embeddable":true,"href":"http:\/\/www.versammlung-und-teilhabe.de\/cms\/wp-json\/wp\/v2\/comments?post=368"}],"version-history":[{"count":13,"href":"http:\/\/www.versammlung-und-teilhabe.de\/cms\/wp-json\/wp\/v2\/posts\/368\/revisions"}],"predecessor-version":[{"id":753,"href":"http:\/\/www.versammlung-und-teilhabe.de\/cms\/wp-json\/wp\/v2\/posts\/368\/revisions\/753"}],"wp:attachment":[{"href":"http:\/\/www.versammlung-und-teilhabe.de\/cms\/wp-json\/wp\/v2\/media?parent=368"}],"wp:term":[{"taxonomy":"category","embeddable":true,"href":"http:\/\/www.versammlung-und-teilhabe.de\/cms\/wp-json\/wp\/v2\/categories?post=368"},{"taxonomy":"post_tag","embeddable":true,"href":"http:\/\/www.versammlung-und-teilhabe.de\/cms\/wp-json\/wp\/v2\/tags?post=368"}],"curies":[{"name":"wp","href":"https:\/\/api.w.org\/{rel}","templated":true}]}}