{"id":365,"date":"2012-04-10T15:00:51","date_gmt":"2012-04-10T14:00:51","guid":{"rendered":"http:\/\/www.versammlung-und-teilhabe.de\/cms\/?p=365"},"modified":"2014-04-08T18:41:19","modified_gmt":"2014-04-08T17:41:19","slug":"lene-benz-profil","status":"publish","type":"post","link":"http:\/\/www.versammlung-und-teilhabe.de\/cms\/lene-benz-profil\/","title":{"rendered":"Nora Unger"},"content":{"rendered":"<h1>Forschungsstudentin<\/h1>\n<p><!--more--><\/p>\n<p>Nora Unger studierte Angewandte Kulturwissenschaften und Kulturorganisation an der Leuphana Universit\u00e4t L\u00fcneburg sowie der Universit\u00e9 Paul Cezanne Aix-Marseille. Sie schloss ihr Studium 2011 ab, arbeitete anschlie\u00dfend als Wissenschaftliche Mitarbeiterin an der Leuphana Universit\u00e4t L\u00fcneburg und in unterschiedlichen Kulturprojekten. Seit Oktober 2013 studiert sie im Master Urban Design an der HafenCity Universit\u00e4t, ist dabei seit April 2014 als Forschungsstudentin beim k\u00fcnstlerisch-wissenschaftlichen Graduiertenkolleg \u201eVersammlung und Teilhabe\u201c t\u00e4tig. Zus\u00e4tzlich arbeitet sie freiberuflich im Bereich Veranstaltungsorganisation f\u00fcr einen L\u00fcneburger Musikclub sowie im Bereich Popularmusikf\u00f6rderung in Hamburg.<\/p>\n","protected":false},"excerpt":{"rendered":"<p>Forschungsstudentin<\/p>\n","protected":false},"author":1,"featured_media":0,"comment_status":"closed","ping_status":"closed","sticky":false,"template":"","format":"standard","meta":[],"categories":[9],"tags":[],"_links":{"self":[{"href":"http:\/\/www.versammlung-und-teilhabe.de\/cms\/wp-json\/wp\/v2\/posts\/365"}],"collection":[{"href":"http:\/\/www.versammlung-und-teilhabe.de\/cms\/wp-json\/wp\/v2\/posts"}],"about":[{"href":"http:\/\/www.versammlung-und-teilhabe.de\/cms\/wp-json\/wp\/v2\/types\/post"}],"author":[{"embeddable":true,"href":"http:\/\/www.versammlung-und-teilhabe.de\/cms\/wp-json\/wp\/v2\/users\/1"}],"replies":[{"embeddable":true,"href":"http:\/\/www.versammlung-und-teilhabe.de\/cms\/wp-json\/wp\/v2\/comments?post=365"}],"version-history":[{"count":18,"href":"http:\/\/www.versammlung-und-teilhabe.de\/cms\/wp-json\/wp\/v2\/posts\/365\/revisions"}],"predecessor-version":[{"id":1398,"href":"http:\/\/www.versammlung-und-teilhabe.de\/cms\/wp-json\/wp\/v2\/posts\/365\/revisions\/1398"}],"wp:attachment":[{"href":"http:\/\/www.versammlung-und-teilhabe.de\/cms\/wp-json\/wp\/v2\/media?parent=365"}],"wp:term":[{"taxonomy":"category","embeddable":true,"href":"http:\/\/www.versammlung-und-teilhabe.de\/cms\/wp-json\/wp\/v2\/categories?post=365"},{"taxonomy":"post_tag","embeddable":true,"href":"http:\/\/www.versammlung-und-teilhabe.de\/cms\/wp-json\/wp\/v2\/tags?post=365"}],"curies":[{"name":"wp","href":"https:\/\/api.w.org\/{rel}","templated":true}]}}