{"id":363,"date":"2012-04-10T14:59:55","date_gmt":"2012-04-10T13:59:55","guid":{"rendered":"http:\/\/www.versammlung-und-teilhabe.de\/cms\/?p=363"},"modified":"2014-05-09T18:17:28","modified_gmt":"2014-05-09T17:17:28","slug":"katharina-boettger-profil","status":"publish","type":"post","link":"http:\/\/www.versammlung-und-teilhabe.de\/cms\/katharina-boettger-profil\/","title":{"rendered":"Julia Zajaczkowska"},"content":{"rendered":"<h1>Forschungsstudentin<\/h1>\n<p><!--more--><strong>Julia Zaj\u0105czkowska<\/strong> arbeitet als Forschungsstudentin beim k\u00fcnstlerisch-wissenschaftlichen Graduiertenkolleg \u201cVersammlung und Teilhabe\u201d. Sie hat ihr Studium der Angewandten Kulturwissenschaften 2010 abgeschlossen und studiert den Master Urban Design an der HafenCity Universit\u00e4t. Im Rahmen des Studiums ist sie gestalterisch und kuratorisch im Projekt \u201cUniversit\u00e4t der Nachbarschaften\u201d t\u00e4tig, arbeitet au\u00dferdem freiberuflich im Bereich Popularmusikf\u00f6rderung in Hamburg.<\/p>\n","protected":false},"excerpt":{"rendered":"<p>Forschungsstudentin<\/p>\n","protected":false},"author":1,"featured_media":0,"comment_status":"closed","ping_status":"closed","sticky":false,"template":"","format":"standard","meta":[],"categories":[9],"tags":[],"_links":{"self":[{"href":"http:\/\/www.versammlung-und-teilhabe.de\/cms\/wp-json\/wp\/v2\/posts\/363"}],"collection":[{"href":"http:\/\/www.versammlung-und-teilhabe.de\/cms\/wp-json\/wp\/v2\/posts"}],"about":[{"href":"http:\/\/www.versammlung-und-teilhabe.de\/cms\/wp-json\/wp\/v2\/types\/post"}],"author":[{"embeddable":true,"href":"http:\/\/www.versammlung-und-teilhabe.de\/cms\/wp-json\/wp\/v2\/users\/1"}],"replies":[{"embeddable":true,"href":"http:\/\/www.versammlung-und-teilhabe.de\/cms\/wp-json\/wp\/v2\/comments?post=363"}],"version-history":[{"count":18,"href":"http:\/\/www.versammlung-und-teilhabe.de\/cms\/wp-json\/wp\/v2\/posts\/363\/revisions"}],"predecessor-version":[{"id":1435,"href":"http:\/\/www.versammlung-und-teilhabe.de\/cms\/wp-json\/wp\/v2\/posts\/363\/revisions\/1435"}],"wp:attachment":[{"href":"http:\/\/www.versammlung-und-teilhabe.de\/cms\/wp-json\/wp\/v2\/media?parent=363"}],"wp:term":[{"taxonomy":"category","embeddable":true,"href":"http:\/\/www.versammlung-und-teilhabe.de\/cms\/wp-json\/wp\/v2\/categories?post=363"},{"taxonomy":"post_tag","embeddable":true,"href":"http:\/\/www.versammlung-und-teilhabe.de\/cms\/wp-json\/wp\/v2\/tags?post=363"}],"curies":[{"name":"wp","href":"https:\/\/api.w.org\/{rel}","templated":true}]}}