{"id":359,"date":"2012-04-10T14:57:35","date_gmt":"2012-04-10T13:57:35","guid":{"rendered":"http:\/\/www.versammlung-und-teilhabe.de\/cms\/?p=359"},"modified":"2012-07-22T12:22:20","modified_gmt":"2012-07-22T11:22:20","slug":"frederike-neiskenwirth-profil","status":"publish","type":"post","link":"http:\/\/www.versammlung-und-teilhabe.de\/cms\/frederike-neiskenwirth-profil\/","title":{"rendered":"Frederike Nei\u00dfkenwirth"},"content":{"rendered":"<h1>Wissenschaftliche Mitarbeit<\/h1>\n<p><!--more--><strong>Frederike Nei\u00dfkenwirth<\/strong> ist Historikerin. Als wissenschaftliche Mitarbeiterin an der HafenCity Universit\u00e4t Hamburg betreut sie im Studiengang Kultur der Metropole die Forschungsf\u00f6rderung. F\u00fcr ihre Dissertation forscht sie \u00fcber die zivilgesellschaftliche Perspektive der europ\u00e4ischen Einigung. An der Universit\u00e4t M\u00fcnster war sie f\u00fcr die Koordination und Finanzierung eines grenz\u00fcberschreitenden Europaprojekts verantwortlich und zudem in Hamburg als freie Lehrbeauftragte im Bereich Kultur und Medien t\u00e4tig. Au\u00dferdem arbeitete sie f\u00fcr den Deutschen Bundestag als wissenschaftliche Mitarbeiterin. Im Graduiertenkolleg ist sie gemeinsam mit Esther Pilkington f\u00fcr die Koordination zust\u00e4ndig.<\/p>\n","protected":false},"excerpt":{"rendered":"<p>Wissenschaftliche Mitarbeit<\/p>\n","protected":false},"author":1,"featured_media":0,"comment_status":"closed","ping_status":"closed","sticky":false,"template":"","format":"standard","meta":[],"categories":[9],"tags":[],"_links":{"self":[{"href":"http:\/\/www.versammlung-und-teilhabe.de\/cms\/wp-json\/wp\/v2\/posts\/359"}],"collection":[{"href":"http:\/\/www.versammlung-und-teilhabe.de\/cms\/wp-json\/wp\/v2\/posts"}],"about":[{"href":"http:\/\/www.versammlung-und-teilhabe.de\/cms\/wp-json\/wp\/v2\/types\/post"}],"author":[{"embeddable":true,"href":"http:\/\/www.versammlung-und-teilhabe.de\/cms\/wp-json\/wp\/v2\/users\/1"}],"replies":[{"embeddable":true,"href":"http:\/\/www.versammlung-und-teilhabe.de\/cms\/wp-json\/wp\/v2\/comments?post=359"}],"version-history":[{"count":9,"href":"http:\/\/www.versammlung-und-teilhabe.de\/cms\/wp-json\/wp\/v2\/posts\/359\/revisions"}],"predecessor-version":[{"id":419,"href":"http:\/\/www.versammlung-und-teilhabe.de\/cms\/wp-json\/wp\/v2\/posts\/359\/revisions\/419"}],"wp:attachment":[{"href":"http:\/\/www.versammlung-und-teilhabe.de\/cms\/wp-json\/wp\/v2\/media?parent=359"}],"wp:term":[{"taxonomy":"category","embeddable":true,"href":"http:\/\/www.versammlung-und-teilhabe.de\/cms\/wp-json\/wp\/v2\/categories?post=359"},{"taxonomy":"post_tag","embeddable":true,"href":"http:\/\/www.versammlung-und-teilhabe.de\/cms\/wp-json\/wp\/v2\/tags?post=359"}],"curies":[{"name":"wp","href":"https:\/\/api.w.org\/{rel}","templated":true}]}}