{"id":270,"date":"2012-04-03T10:56:01","date_gmt":"2012-04-03T09:56:01","guid":{"rendered":"http:\/\/www.versammlung-und-teilhabe.de\/cms\/?p=270"},"modified":"2012-11-28T17:22:27","modified_gmt":"2012-11-28T16:22:27","slug":"margarita-tsomou","status":"publish","type":"post","link":"http:\/\/www.versammlung-und-teilhabe.de\/cms\/margarita-tsomou\/","title":{"rendered":"Margarita Tsomou"},"content":{"rendered":"<h1>Platzbesetzungen \u2013 zwischen Pr\u00e4senzdemokratien und Protest 2.0<\/h1>\n<p><!--more--><strong>Der besetzte Syntagmaplatz \u2013 Neues Paradigma des Politischen im Kontext der Kette von Platzbesetzungen in 2011.<\/strong><br \/>\nDer internationalen Bewegung der Platzbesetzungen in 2011 von Tunesien, \u00fcber S\u00fcdeuropa zu den USA gilt nun rund ein Jahr sp\u00e4ter, immer noch ein reges analytisches Interesse. Stets erscheinen Publikationen, die versuchen das historisch Besondere der Besetzungen zu beschreiben und zu erkl\u00e4ren. Auff\u00e4llig ist, dass die Analysen meist in den spanischen Besetzungen oder in den Occupy-Protesten aus den USA ihren Gegenstand finden, w\u00e4hrend das griechische Beispiel der Besetzung\u00a0 Besetzung des Syntagma-Platzes vor dem Parlament in Athen, wenig Erw\u00e4hnung findet. Diese Arbeit hat zum Ziel diese L\u00fccke zu schlie\u00dfen, indem sie mit den Mitteln einer k\u00fcnstlerisch-dokumentarischen\u00a0 Forschung, versuchen wird, die spezifischen Erfahrungen und Wissensbest\u00e4nde aus Griechenland zu generieren und aufzuzeichnen.<\/p>\n<p>Die Erfahrungen der AktivistInnen aus der Besetzung des Syntagmaplatzes werden durch eine dokumentarische Recherche zu Tage gef\u00f6rdert: Augenzeugenberichte, Tagebucheintr\u00e4ge, Audio-Aufnahmen, Handy-Videos, Artefakte und Objekte, Berichte, Protokolle, Gespr\u00e4che und Interviews werden dazu nutzen, um die Erfahrungen in politische Erz\u00e4hlungen zu \u00fcbersetzen. Dabei wird auch nach den Weiterf\u00fchrungen und heutigen Spuren des Ereignisses geforscht, indem die Akteure in ihren heutigen Praktiken begleitet werden.<\/p>\n<p>Das Material wird entlang der j\u00fcngsten Diskurse \u00fcber die Platzbesetzungen der \u201eEmp\u00f6rten\u201c befragt. Die wichtigsten Dimensionen w\u00e4ren: die heterogene Zusammensetzung der Akteure als \u201eEmp\u00f6rte\u201c ohne die Beteiligung von politischen Organisationen, wie z.B. Parteien, Gewerkschaften, NGOs; die Nutzung der Pl\u00e4tze als Reproduktionsr\u00e4ume durch die Herausbildung neuer allt\u00e4glicher Lebensweisen als Alternative zum Konzept einer antagonistisch strukturierten Politik des \u201eProtestierens\u201c: die Versammlungspraktiken als Ausdruck eines neuen demokratischen und repr\u00e4sentationskritischen Begehrens und der intensive Gebrauch der neuen horizontalen Medien zur Selbstorganisation und -konsolidierung. Dabei wird sowohl untersucht inwiefern wir hier von einem neuem Paradigma neuartiger politischer Kultur sprechen k\u00f6nnen als auch die Potentiale dieser Organisierung diskutiert.<\/p>\n<p>Beim Versuch der Aufzeichnung der Ereignisse der Besetzung auf dem Syntagmaplatz stellen sich Fragen nach der Vermittlung und Repr\u00e4sentation der \u201ePraktiken\u201c und \u201eDiskurse\u201c der Akteure, die auf der Ebene der k\u00fcnstlerischen Arbeit beantwortet werden sollen. Die analytische Arbeit wird somit durch ein dokumentarisch-k\u00fcnstlerisches Interface erg\u00e4nzt, das in einer begehbaren Archivinstallation das dokumentarische Material durch eine Performance-Lecture pr\u00e4sentieren wird. Dabei kann das heterogene, fragmentierte und affektive Wissen aus der Besetzung des Syntagmaplatzes zu Tage gef\u00f6rdert werden, ohne Gefahr zu gehen,\u00a0 bei einer repr\u00e4sentativen Schlie\u00dfung einer bestimmten historischen Deutung stehen zu bleiben.<\/p>\n","protected":false},"excerpt":{"rendered":"<p>Platzbesetzungen \u2013 zwischen Pr\u00e4senzdemokratien und Protest 2.0<\/p>\n","protected":false},"author":1,"featured_media":0,"comment_status":"closed","ping_status":"closed","sticky":false,"template":"","format":"standard","meta":[],"categories":[8],"tags":[],"_links":{"self":[{"href":"http:\/\/www.versammlung-und-teilhabe.de\/cms\/wp-json\/wp\/v2\/posts\/270"}],"collection":[{"href":"http:\/\/www.versammlung-und-teilhabe.de\/cms\/wp-json\/wp\/v2\/posts"}],"about":[{"href":"http:\/\/www.versammlung-und-teilhabe.de\/cms\/wp-json\/wp\/v2\/types\/post"}],"author":[{"embeddable":true,"href":"http:\/\/www.versammlung-und-teilhabe.de\/cms\/wp-json\/wp\/v2\/users\/1"}],"replies":[{"embeddable":true,"href":"http:\/\/www.versammlung-und-teilhabe.de\/cms\/wp-json\/wp\/v2\/comments?post=270"}],"version-history":[{"count":8,"href":"http:\/\/www.versammlung-und-teilhabe.de\/cms\/wp-json\/wp\/v2\/posts\/270\/revisions"}],"predecessor-version":[{"id":276,"href":"http:\/\/www.versammlung-und-teilhabe.de\/cms\/wp-json\/wp\/v2\/posts\/270\/revisions\/276"}],"wp:attachment":[{"href":"http:\/\/www.versammlung-und-teilhabe.de\/cms\/wp-json\/wp\/v2\/media?parent=270"}],"wp:term":[{"taxonomy":"category","embeddable":true,"href":"http:\/\/www.versammlung-und-teilhabe.de\/cms\/wp-json\/wp\/v2\/categories?post=270"},{"taxonomy":"post_tag","embeddable":true,"href":"http:\/\/www.versammlung-und-teilhabe.de\/cms\/wp-json\/wp\/v2\/tags?post=270"}],"curies":[{"name":"wp","href":"https:\/\/api.w.org\/{rel}","templated":true}]}}