{"id":266,"date":"2012-04-03T10:55:11","date_gmt":"2012-04-03T09:55:11","guid":{"rendered":"http:\/\/www.versammlung-und-teilhabe.de\/cms\/?p=266"},"modified":"2012-07-26T13:49:14","modified_gmt":"2012-07-26T12:49:14","slug":"esther-pilkington-profil-2","status":"publish","type":"post","link":"http:\/\/www.versammlung-und-teilhabe.de\/cms\/esther-pilkington-profil-2\/","title":{"rendered":"Esther Pilkington"},"content":{"rendered":"<h1>Coming together, Coming apart \u2013 Mobilit\u00e4t als relationale Praxis<\/h1>\n<p><!--more--><\/p>\n<p>Jeder Versammlung geht eine Reise voraus, oder, genauer gesagt, viele Reisen: die Reisen, die alle Teilnehmenden unternehmen m\u00fcssen, um zum Ort der Versammlung zu gelangen (das Theater kann hier als exemplarisch gesehen werden). Reise und Versammlung m\u00fcssen daher stets zusammen gedacht werden: Die Reise ist Bedingung jeder Versammlung, ohne bereits selbst notwendigerweise Versammlung zu sein. W\u00e4hrend die Reise erforderlich wird, damit alle Teilnehmenden an dem \u201cHier und Jetzt\u201d der Versammlung teilhaben k\u00f6nnen, ist es auf der anderen Seite genau diese Reise, die das \u201eHier und Jetzt\u201c der Versammlung aufbricht und diese mit anderen Orten in Verbindung setzt. Das Forschungsprojekt \u201eComing together, coming apart\u201c befasst sich mit diesem Prozess des Ver- und Entsammelns, mit Mobilit\u00e4t als f\u00fcr die Versammlung gleichzeitig konstitutivem und dissoziativem Faktor, und mit den Beziehungen, die Mobilit\u00e4t zwischen verschiedenen Akteuren stiften kann, ohne notwendigerweise in einer Ko-pr\u00e4senz dieser Akteure m\u00fcnden zu m\u00fcssen. Dabei soll eine Reihe von Versammlungen initiiert werden, die Mobilit\u00e4t als Grundbedingung ihres Zustandekommens reflektieren und mit unterschiedlichen Strategien des Ver- und Entsammelns experimentieren.<\/p>\n<p>Immer wieder ist heute von einer \u201eWelt in Bewegung\u201c die Rede, von der wachsenden Bedeutung von Mobilit\u00e4t in allen Bereichen der Gesellschaft. Der Begriff der Mobilit\u00e4t umfasst hierbei nicht nur die verschiedensten Formen des Reisens und damit auch ein komplexes Spektrum unterschiedlicher Motivationen und Zw\u00e4nge (Migration, Tourismus, Business, Milit\u00e4r, etc.), sondern bezeichnet neben der Bewegung von Menschen auch die internationalen Warenkreisl\u00e4ufe der Globalisierung sowie virtuelle Daten- und Informationsfl\u00fcsse (z.B. im Finanzwesen). Diese Mobilit\u00e4ten m\u00fcssen stets in Beziehung zueinander gedacht werden, nicht nur, da sie oft die selben R\u00e4ume und Infrastrukturen nutzen, sondern auch, weil sie sich h\u00e4ufig gegenseitig bedingen und kontextualisieren. Diese Relationen werden im mobilen Alltag jedoch meist ausgeblendet \u2013 so auch im urbanen Raum, in dem sich die unterschiedlichen Mobilit\u00e4tsformen kreuzen und b\u00fcndeln. In \u201eComing together, coming apart\u201c soll Mobili\u00e4t als relationale Praxis untersucht werden: Wie k\u00f6nnen in einer experimentellen Verschr\u00e4nkung von Reise und Versammlung verschiedene Mobilit\u00e4ten miteinander in Verbindung gesetzt werden? K\u00f6nnen hierdurch auch neue Formen der Teilhabe an Mobilit\u00e4t erprobt werden?<\/p>\n","protected":false},"excerpt":{"rendered":"<p>Coming together, Coming apart \u2013 Mobilit\u00e4t als relationale Praxis<\/p>\n","protected":false},"author":1,"featured_media":0,"comment_status":"closed","ping_status":"closed","sticky":false,"template":"","format":"standard","meta":[],"categories":[8],"tags":[],"_links":{"self":[{"href":"http:\/\/www.versammlung-und-teilhabe.de\/cms\/wp-json\/wp\/v2\/posts\/266"}],"collection":[{"href":"http:\/\/www.versammlung-und-teilhabe.de\/cms\/wp-json\/wp\/v2\/posts"}],"about":[{"href":"http:\/\/www.versammlung-und-teilhabe.de\/cms\/wp-json\/wp\/v2\/types\/post"}],"author":[{"embeddable":true,"href":"http:\/\/www.versammlung-und-teilhabe.de\/cms\/wp-json\/wp\/v2\/users\/1"}],"replies":[{"embeddable":true,"href":"http:\/\/www.versammlung-und-teilhabe.de\/cms\/wp-json\/wp\/v2\/comments?post=266"}],"version-history":[{"count":7,"href":"http:\/\/www.versammlung-und-teilhabe.de\/cms\/wp-json\/wp\/v2\/posts\/266\/revisions"}],"predecessor-version":[{"id":586,"href":"http:\/\/www.versammlung-und-teilhabe.de\/cms\/wp-json\/wp\/v2\/posts\/266\/revisions\/586"}],"wp:attachment":[{"href":"http:\/\/www.versammlung-und-teilhabe.de\/cms\/wp-json\/wp\/v2\/media?parent=266"}],"wp:term":[{"taxonomy":"category","embeddable":true,"href":"http:\/\/www.versammlung-und-teilhabe.de\/cms\/wp-json\/wp\/v2\/categories?post=266"},{"taxonomy":"post_tag","embeddable":true,"href":"http:\/\/www.versammlung-und-teilhabe.de\/cms\/wp-json\/wp\/v2\/tags?post=266"}],"curies":[{"name":"wp","href":"https:\/\/api.w.org\/{rel}","templated":true}]}}