{"id":264,"date":"2012-04-03T10:54:45","date_gmt":"2012-04-03T09:54:45","guid":{"rendered":"http:\/\/www.versammlung-und-teilhabe.de\/cms\/?p=264"},"modified":"2012-10-30T15:49:00","modified_gmt":"2012-10-30T14:49:00","slug":"sebastian-matthias-profil","status":"publish","type":"post","link":"http:\/\/www.versammlung-und-teilhabe.de\/cms\/sebastian-matthias-profil\/","title":{"rendered":"Sebastian Matthias"},"content":{"rendered":"<h1>Gef\u00fchlter groove \u2013 Ein Modus der Wahrnehmung von Tanz als Gruppenph\u00e4nomen<\/h1>\n<p><!--more-->In der Besch\u00e4ftigung mit der Stadt als anschaulich gewordene Politik hebt Diedrich Diederichsen Musik und Clubkultur als strukturelle Gegenebene zur Stadt heraus. Die Immanenz des <em>Groove<\/em> [als Gegenbegriff zu Atmosph\u00e4re in der Stadt] entspricht nach Diederichsen der Eingeschlossenheit in subkulturelle und psychologische Schutzr\u00e4ume, in eine Community, zeigt aber auch ihre gewachsene Feinheit, Z\u00e4higkeit und Differenziertheit. Eingebettet in den Pop-Musikkontext markiert sie als \u00f6ffentlicher Raum die Vergesellschaftung der inneren Zust\u00e4nde und doch ihr privat-intimes Gegenmittel. Sucht man nach einer anschaulich gewordenen Ver\u00e4nderung der Kultur der Versammlung in der demokratischen Zivilgesellschaft, so liegt es nah, auch die gruppen-dynamischen Prozesse der <em>electronic dance music-Kultur<\/em> (EDM) n\u00e4her zu untersuchen. Gleichzeitig lenkt die in der gemeinsamen Teilhabe und Initiative emergierende Hochstimmung der Clubnacht den Blick auf eine differenzierte Wahrnehmung von Tanz als performative Handlung. \u00dcber den <em>groove<\/em>-Begriff treten so urbane \u00d6ffentlichkeit und Choreographie in eine fruchtbare Beziehung. Tritt <em>groove<\/em> im Balanceakt zwischen Musik, Bewegung und Kontext in Erscheinung, wird dies in einer somatischen Empfindung des K\u00f6rpers wahrnehmbar. Dieses \u201afeel\u2018, auch als Synonym f\u00fcr <em>groove<\/em> verwendet, fungiert als relative kin\u00e4sthetische, normative Gr\u00f6\u00dfe. Das ph\u00e4nomenologische Moment des <em>Sich-Anf\u00fchlen<\/em> wird zum \u00e4sthetischen Messinstrument, das den Erfolg der Gruppeninteraktion, des DJ-Sets und der gesamten Clubnacht bewertet. Aus dieser Perspektive erscheint <em>groove<\/em> als ein Gemeinschaftsph\u00e4nomen, als sozialer Schwarm, das auf eine internalisierte Erfahrung zielt, doch gleichzeitig an eine Gruppe von Individuen gebunden ist und aus dem Kollektiv emergiert. Durch mein k\u00fcnstlerisches Interesse an Bewegungsqualit\u00e4ten und dem choreographischen Umgang mit ihnen er\u00f6ffnet sich die M\u00f6glichkeit den Modus der Tanzwahrnehmung, die <em>groove<\/em> und dessen Partizipationsmechanismen hervorbringt, transdisziplin\u00e4r zu erforschen und auf Tanz als performative Kunst zu \u00fcbertragen. Durch eine theoretische wie k\u00fcnstlerische Durchdringung sollen in einem Form-Raumexperiment die Grenzen einer aktiven Teilhabe des Zuschauers an performativer Kunst untersucht werden und eine Theorie von Tanz als Gruppenph\u00e4nomen entwickelt werden.<\/p>\n","protected":false},"excerpt":{"rendered":"<p>Gef\u00fchlter groove \u2013 Ein Modus der Wahrnehmung von Tanz als Gruppenph\u00e4nomen<\/p>\n","protected":false},"author":1,"featured_media":0,"comment_status":"closed","ping_status":"closed","sticky":false,"template":"","format":"standard","meta":[],"categories":[8],"tags":[],"_links":{"self":[{"href":"http:\/\/www.versammlung-und-teilhabe.de\/cms\/wp-json\/wp\/v2\/posts\/264"}],"collection":[{"href":"http:\/\/www.versammlung-und-teilhabe.de\/cms\/wp-json\/wp\/v2\/posts"}],"about":[{"href":"http:\/\/www.versammlung-und-teilhabe.de\/cms\/wp-json\/wp\/v2\/types\/post"}],"author":[{"embeddable":true,"href":"http:\/\/www.versammlung-und-teilhabe.de\/cms\/wp-json\/wp\/v2\/users\/1"}],"replies":[{"embeddable":true,"href":"http:\/\/www.versammlung-und-teilhabe.de\/cms\/wp-json\/wp\/v2\/comments?post=264"}],"version-history":[{"count":8,"href":"http:\/\/www.versammlung-und-teilhabe.de\/cms\/wp-json\/wp\/v2\/posts\/264\/revisions"}],"predecessor-version":[{"id":521,"href":"http:\/\/www.versammlung-und-teilhabe.de\/cms\/wp-json\/wp\/v2\/posts\/264\/revisions\/521"}],"wp:attachment":[{"href":"http:\/\/www.versammlung-und-teilhabe.de\/cms\/wp-json\/wp\/v2\/media?parent=264"}],"wp:term":[{"taxonomy":"category","embeddable":true,"href":"http:\/\/www.versammlung-und-teilhabe.de\/cms\/wp-json\/wp\/v2\/categories?post=264"},{"taxonomy":"post_tag","embeddable":true,"href":"http:\/\/www.versammlung-und-teilhabe.de\/cms\/wp-json\/wp\/v2\/tags?post=264"}],"curies":[{"name":"wp","href":"https:\/\/api.w.org\/{rel}","templated":true}]}}