{"id":262,"date":"2012-04-03T10:54:17","date_gmt":"2012-04-03T09:54:17","guid":{"rendered":"http:\/\/www.versammlung-und-teilhabe.de\/cms\/?p=262"},"modified":"2012-07-26T13:51:50","modified_gmt":"2012-07-26T12:51:50","slug":"stefanie-lorey-profil-2","status":"publish","type":"post","link":"http:\/\/www.versammlung-und-teilhabe.de\/cms\/stefanie-lorey-profil-2\/","title":{"rendered":"Stefanie Lorey"},"content":{"rendered":"<h1>Sammeln und Ordnen als Darstellungsform und k\u00fcnstlerische Methode<\/h1>\n<p><!--more-->Sammeln und Ordnen ist in der zeitgen\u00f6ssischen Kunstpraxis kein unbekanntes Begriffspaar, dennoch taucht es vorn\u00e4mlich in der Bildenden Kunst im Zusammenhang mit den Themen K\u00fcnstlerIn als SammlerIn, Sammeln als Selbstentwurf sowie Sammeln als \u00e4sthetische Praxis auf. Als Thematik einer T\u00e4tigkeit und Darstellungsweise in performativen K\u00fcnsten liegt jedoch noch keine genauere Betrachtung vor, obwohl vielen performativen Arbeiten das Thema auf unterschiedlichste Art und Weise inh\u00e4rent ist.<\/p>\n<p>Deshalb sollen in diesem Forschungsvorhaben performative Praxen und Konzepte, die die Vorgehensweise des Sammeln und Ordnens beinhalten und die ihre Pr\u00e4sentationsform sowohl im Theater als auch im \u00f6ffentlichen Raum finden, genauer auf ihre unterschiedlichen Sammlungs- und Ordnungsstrategien hin untersucht werden, um hieraus eine k\u00fcnstlerische Methode des Sammelns und Ordnens zu formulieren.<\/p>\n<p>Ein besonderer Fokus liegt dabei auf der Fragestellung, wie vor Ort vorgefundenes Material in einer performativen Sammlung pr\u00e4sentiert werden muss, um seinen singul\u00e4ren Charakter zu behalten, bzw. welche Methoden notwendig sind, dass das Zerstreute innerhalb einer Versammlung als gleicherma\u00dfen Singul\u00e4res und Kollektiviertes bestehen kann. Dabei ist eine These, dass die Rahmung eine strenge formale Struktur aufweisen muss, damit das Singul\u00e4re seinen Raum finden kann, in dem es sich bewegt.<\/p>\n<p>Eine weitere These ist, dass das Formale nicht \u2013 wie h\u00e4ufig angenommen \u2013 etwas Distanzschaffendes ist, sondern eine Strategie, die das Material zug\u00e4nglich macht und n\u00e4her an die RezipientInnen r\u00fcckt. Zwischen gesammeltem Material und formaler Struktur der Inszenierung bildet sich so Raum f\u00fcr das wahrnehmende Subjekt, um sich selbst in der Inszenierung zu verorten.<\/p>\n<p>Letztlich soll auch \u00fcberpr\u00fcft werden, inwiefern die Forschungsergebnisse erm\u00f6glichen, Theaterraum und \u00f6ffentlichen Raum in Beziehung zu setzen und dar\u00fcber hinaus R\u00fcckschl\u00fcsse zu ziehen bez\u00fcglich Versammlungsstrategien, die unter anderem in der aktuellen politischen Diskussion um partizipatorische Demokratie verhandelt werden.<\/p>\n","protected":false},"excerpt":{"rendered":"<p>Sammeln und Ordnen als Darstellungsform und k\u00fcnstlerische Methode<\/p>\n","protected":false},"author":1,"featured_media":0,"comment_status":"closed","ping_status":"closed","sticky":false,"template":"","format":"standard","meta":[],"categories":[8],"tags":[],"_links":{"self":[{"href":"http:\/\/www.versammlung-und-teilhabe.de\/cms\/wp-json\/wp\/v2\/posts\/262"}],"collection":[{"href":"http:\/\/www.versammlung-und-teilhabe.de\/cms\/wp-json\/wp\/v2\/posts"}],"about":[{"href":"http:\/\/www.versammlung-und-teilhabe.de\/cms\/wp-json\/wp\/v2\/types\/post"}],"author":[{"embeddable":true,"href":"http:\/\/www.versammlung-und-teilhabe.de\/cms\/wp-json\/wp\/v2\/users\/1"}],"replies":[{"embeddable":true,"href":"http:\/\/www.versammlung-und-teilhabe.de\/cms\/wp-json\/wp\/v2\/comments?post=262"}],"version-history":[{"count":7,"href":"http:\/\/www.versammlung-und-teilhabe.de\/cms\/wp-json\/wp\/v2\/posts\/262\/revisions"}],"predecessor-version":[{"id":469,"href":"http:\/\/www.versammlung-und-teilhabe.de\/cms\/wp-json\/wp\/v2\/posts\/262\/revisions\/469"}],"wp:attachment":[{"href":"http:\/\/www.versammlung-und-teilhabe.de\/cms\/wp-json\/wp\/v2\/media?parent=262"}],"wp:term":[{"taxonomy":"category","embeddable":true,"href":"http:\/\/www.versammlung-und-teilhabe.de\/cms\/wp-json\/wp\/v2\/categories?post=262"},{"taxonomy":"post_tag","embeddable":true,"href":"http:\/\/www.versammlung-und-teilhabe.de\/cms\/wp-json\/wp\/v2\/tags?post=262"}],"curies":[{"name":"wp","href":"https:\/\/api.w.org\/{rel}","templated":true}]}}