{"id":254,"date":"2012-04-03T10:52:18","date_gmt":"2012-04-03T09:52:18","guid":{"rendered":"http:\/\/www.versammlung-und-teilhabe.de\/cms\/?p=254"},"modified":"2012-10-31T13:12:42","modified_gmt":"2012-10-31T12:12:42","slug":"elise-v-bernstorff-profil-2","status":"publish","type":"post","link":"http:\/\/www.versammlung-und-teilhabe.de\/cms\/elise-v-bernstorff-profil-2\/","title":{"rendered":"Elise v. Bernstorff"},"content":{"rendered":"<h1>Die Performance des Gerichts<\/h1>\n<p><!--more--><\/p>\n<p>In meinem Forschungsprojekt <em>Die Performance des Gerichts<\/em> befrage <ins cite=\"mailto:Elise%20v.%20Bernstorff\" datetime=\"2012-04-15T12:52\"><\/ins><ins cite=\"mailto:Maximilian%20Haas\" datetime=\"2012-04-14T21:33\"><\/ins>ich eine Urszene der Versammlung: das<ins cite=\"mailto:Elise%20v.%20Bernstorff\" datetime=\"2012-04-15T12:53\"><\/ins> Gericht. Die ersten Amtsroben der Bundesverfassungsrichter wurden 1961 von der Kost\u00fcmabteilung des Badischen Staatstheaters in Karlsruhe geschneidert, der Legende nach aus dem Vorhangstoff des Theaters. Auf den ersten Blick scheint die Amtsrobe der Richter einer vollkommen anderen Sph\u00e4re anzugeh\u00f6ren als das Theaterkost\u00fcm; das nun der Vorhang, dessen Aufgabe es war, die Maschinerie und Technik des Theaters zu verbergen, um sich auf die Illusion hin zu \u00f6ffnen, die K\u00f6rper der Richter be- und verdeckt, l\u00e4sst sich jedoch als Hinweis darauf lesen, dass die \u00c4hnlichkeiten zwischen der Inszenierung und \u00d6ffentlichkeit von Gericht und von Theater bzw. Performance keinesfalls zuf\u00e4llig sind. In meinem Projekt besch\u00e4ftige ich mich mit strukturellen Analogien <ins cite=\"mailto:Elise%20v.%20Bernstorff\" datetime=\"2012-04-15T19:51\"><\/ins><ins cite=\"mailto:Elise%20v.%20Bernstorff\" datetime=\"2012-04-15T19:41\"><\/ins>von Theater, Performance und Gericht um herauszufinden, wie die Rechtsprechung die in ihr abgebildeten gesellschaftlichen<ins cite=\"mailto:Maximilian%20Haas\" datetime=\"2012-04-15T16:03\"><\/ins> Hierarchien,<ins cite=\"mailto:Elise%20v.%20Bernstorff\" datetime=\"2012-04-15T14:41\"><\/ins> Machtverh\u00e4ltnisse und jenes Gewaltpotenzial, das die<ins cite=\"mailto:Elise%20v.%20Bernstorff\" datetime=\"2012-04-15T14:41\"><\/ins> <ins cite=\"mailto:Elise%20v.%20Bernstorff\" datetime=\"2012-04-15T14:09\"><\/ins>Anwendbarkeit und Durchsetzbarkeit des Gesetzes garantiert, verdeckt. Wie verwaltet die &#8222;dritte&#8220; Gewalt<ins cite=\"mailto:Elise%20v.%20Bernstorff\" datetime=\"2012-04-15T14:42\"><\/ins><ins cite=\"mailto:Maximilian%20Haas\" datetime=\"2012-04-15T16:04\"><\/ins> ihre Gewalt, wie unterscheidet sich die Gewaltt\u00e4tigkeit vom Walten der legitimen Macht? Wie wird das Recht performativ, <ins cite=\"mailto:Elise%20v.%20Bernstorff\" datetime=\"2012-04-15T19:42\"><\/ins>wie wird eine Tat vom Realen in die symbolische Ordnung transformiert?<\/p>\n<p>&#8222;Jedes Verh\u00e4ltnis von Hegemonie ist notwendigerweise ein p\u00e4dagogisches Verh\u00e4ltnis.&#8220; Antonio Gramsci<\/p>\n<p><ins cite=\"mailto:Maximilian%20Haas\" datetime=\"2012-04-15T16:05\"><\/ins>Ausgehend von diesen Fragen m\u00f6chte ich in Zusammenarbeit mit Kindern eine inszenierte F\u00fchrung durch ein Gericht und ein <em>J\u00fcngstes Gericht<\/em> im Theater entwickeln. Dort wo das Gericht Abschluss, Stabilit\u00e4t und Grenzen sucht bzw. herstellt (es ist die eigenste Funktion des Rechtes zu markieren, f\u00fcr wen es \u00fcberhaupt gilt, das Rechtssubjekt zu definieren und abzugrenzen), sucht mein k\u00fcnstlerisches Forschungsprojekt die \u00d6ffnung und Verunsicherung von Grenzen. Aus der <ins cite=\"mailto:Elise%20v.%20Bernstorff\" datetime=\"2012-04-15T15:08\"><\/ins>Perspektive der Kinder, die in Bezug auf das Recht einen Schwellen- und \u00dcbergangsstatus haben (sie haben Rechte, sind unter vierzehn Jahren aber schuldunf\u00e4hig; im Grundgesetz werden sie oft als Objekt, nicht als Subjekt angesprochen: als Gegenstand der Pflege, Erziehung und Schutzpflicht der Eltern), wird <ins cite=\"mailto:Maximilian%20Haas\" datetime=\"2012-04-15T16:05\"><\/ins>ein verfremdender <ins cite=\"mailto:Maximilian%20Haas\" datetime=\"2012-04-15T16:05\"><\/ins>Blick auf das Gericht geworfen. <ins cite=\"mailto:Elise%20v.%20Bernstorff\" datetime=\"2012-04-15T15:09\"><\/ins><ins cite=\"mailto:Elise%20v.%20Bernstorff\" datetime=\"2012-04-15T15:09\"><\/ins><ins cite=\"mailto:Maximilian%20Haas\" datetime=\"2012-04-15T16:06\"><\/ins>L\u00e4sst sich die p\u00e4dagogische Durchdringung von Herrschaft sichtbar machen? Was haben Kinder \u2013 die Unm\u00fcndigen, im Sinne von <em>infans<\/em> stumm, unf\u00e4hig zu sprechen \u2013 \u00fcber das Gericht zu sagen, k\u00f6nnen sie die bin\u00e4re Codierung des Rechts, die selten eine <ins cite=\"mailto:Elise%20v.%20Bernstorff\" datetime=\"2012-04-15T19:44\"><\/ins>dritte Option offenh\u00e4lt, als Unschuldige,<ins cite=\"mailto:Maximilian%20Haas\" datetime=\"2012-04-15T16:06\"><\/ins> die doch auch T\u00e4ter sein k\u00f6nnen, verunsichern?<\/p>\n","protected":false},"excerpt":{"rendered":"<p>Die Performance des Gerichts<\/p>\n","protected":false},"author":1,"featured_media":0,"comment_status":"closed","ping_status":"closed","sticky":false,"template":"","format":"standard","meta":[],"categories":[8],"tags":[],"_links":{"self":[{"href":"http:\/\/www.versammlung-und-teilhabe.de\/cms\/wp-json\/wp\/v2\/posts\/254"}],"collection":[{"href":"http:\/\/www.versammlung-und-teilhabe.de\/cms\/wp-json\/wp\/v2\/posts"}],"about":[{"href":"http:\/\/www.versammlung-und-teilhabe.de\/cms\/wp-json\/wp\/v2\/types\/post"}],"author":[{"embeddable":true,"href":"http:\/\/www.versammlung-und-teilhabe.de\/cms\/wp-json\/wp\/v2\/users\/1"}],"replies":[{"embeddable":true,"href":"http:\/\/www.versammlung-und-teilhabe.de\/cms\/wp-json\/wp\/v2\/comments?post=254"}],"version-history":[{"count":9,"href":"http:\/\/www.versammlung-und-teilhabe.de\/cms\/wp-json\/wp\/v2\/posts\/254\/revisions"}],"predecessor-version":[{"id":540,"href":"http:\/\/www.versammlung-und-teilhabe.de\/cms\/wp-json\/wp\/v2\/posts\/254\/revisions\/540"}],"wp:attachment":[{"href":"http:\/\/www.versammlung-und-teilhabe.de\/cms\/wp-json\/wp\/v2\/media?parent=254"}],"wp:term":[{"taxonomy":"category","embeddable":true,"href":"http:\/\/www.versammlung-und-teilhabe.de\/cms\/wp-json\/wp\/v2\/categories?post=254"},{"taxonomy":"post_tag","embeddable":true,"href":"http:\/\/www.versammlung-und-teilhabe.de\/cms\/wp-json\/wp\/v2\/tags?post=254"}],"curies":[{"name":"wp","href":"https:\/\/api.w.org\/{rel}","templated":true}]}}