{"id":1565,"date":"2014-11-03T17:57:18","date_gmt":"2014-11-03T16:57:18","guid":{"rendered":"http:\/\/www.versammlung-und-teilhabe.de\/cms\/?p=1565"},"modified":"2014-12-03T18:01:10","modified_gmt":"2014-12-03T17:01:10","slug":"eva-plischke-zu-gast-an-der-universitat-hildesheim","status":"publish","type":"post","link":"http:\/\/www.versammlung-und-teilhabe.de\/cms\/eva-plischke-zu-gast-an-der-universitat-hildesheim\/","title":{"rendered":"Eva Plischke zu Gast an der Universit\u00e4t Hildesheim"},"content":{"rendered":"<h1>Eva Plischke zu Gast an der Universit\u00e4t Hildesheim<\/h1>\n<p>Eva Plische h\u00e4lt auf der Tagung <a href=\"http:\/\/www.uni-hildesheim.de\/news-veranstaltungen\/veranstaltungen\/artikel\/artikel\/tagung-institutionen-auf-probe\/\" target=\"_blank\"> &#8222;Institutionen auf Probe &#8211; Testing Institutions&#8220; <\/a> an der Universit\u00e4t Hildesheim am 14. November 2014<br \/>\neinen Vortrag. Gemeinsam mit Frank Oberh\u00e4u\u00dfer von <a href=\"http:\/\/www.turbopascal.info\/\" target=\"_blank\">Turbo Pascal<\/a> spricht sie \u00fcber das &#8222;Mitarbeiter*innenprojekt &#8211; Tag der offenen Zukunft&#8220; am Theater Freiburg.<\/p>\n","protected":false},"excerpt":{"rendered":"<p>Eva Plischke zu Gast an der Universit\u00e4t Hildesheim Eva Plische h\u00e4lt auf der Tagung &#8222;Institutionen auf Probe &#8211; Testing Institutions&#8220; an der Universit\u00e4t Hildesheim am 14. November 2014 einen Vortrag. Gemeinsam mit Frank Oberh\u00e4u\u00dfer von Turbo Pascal spricht sie \u00fcber &hellip; <a href=\"http:\/\/www.versammlung-und-teilhabe.de\/cms\/eva-plischke-zu-gast-an-der-universitat-hildesheim\/\">Weiterlesen <span class=\"meta-nav\">&rarr;<\/span><\/a><\/p>\n","protected":false},"author":6,"featured_media":0,"comment_status":"closed","ping_status":"closed","sticky":false,"template":"","format":"standard","meta":[],"categories":[6],"tags":[24,10],"_links":{"self":[{"href":"http:\/\/www.versammlung-und-teilhabe.de\/cms\/wp-json\/wp\/v2\/posts\/1565"}],"collection":[{"href":"http:\/\/www.versammlung-und-teilhabe.de\/cms\/wp-json\/wp\/v2\/posts"}],"about":[{"href":"http:\/\/www.versammlung-und-teilhabe.de\/cms\/wp-json\/wp\/v2\/types\/post"}],"author":[{"embeddable":true,"href":"http:\/\/www.versammlung-und-teilhabe.de\/cms\/wp-json\/wp\/v2\/users\/6"}],"replies":[{"embeddable":true,"href":"http:\/\/www.versammlung-und-teilhabe.de\/cms\/wp-json\/wp\/v2\/comments?post=1565"}],"version-history":[{"count":1,"href":"http:\/\/www.versammlung-und-teilhabe.de\/cms\/wp-json\/wp\/v2\/posts\/1565\/revisions"}],"predecessor-version":[{"id":1566,"href":"http:\/\/www.versammlung-und-teilhabe.de\/cms\/wp-json\/wp\/v2\/posts\/1565\/revisions\/1566"}],"wp:attachment":[{"href":"http:\/\/www.versammlung-und-teilhabe.de\/cms\/wp-json\/wp\/v2\/media?parent=1565"}],"wp:term":[{"taxonomy":"category","embeddable":true,"href":"http:\/\/www.versammlung-und-teilhabe.de\/cms\/wp-json\/wp\/v2\/categories?post=1565"},{"taxonomy":"post_tag","embeddable":true,"href":"http:\/\/www.versammlung-und-teilhabe.de\/cms\/wp-json\/wp\/v2\/tags?post=1565"}],"curies":[{"name":"wp","href":"https:\/\/api.w.org\/{rel}","templated":true}]}}