{"id":1519,"date":"2014-09-20T15:17:10","date_gmt":"2014-09-20T14:17:10","guid":{"rendered":"http:\/\/www.versammlung-und-teilhabe.de\/cms\/?p=1519"},"modified":"2014-11-20T15:49:08","modified_gmt":"2014-11-20T14:49:08","slug":"martin-nachbar-beim-gtf-symposium-tanz-raum-urbanitat","status":"publish","type":"post","link":"http:\/\/www.versammlung-und-teilhabe.de\/cms\/martin-nachbar-beim-gtf-symposium-tanz-raum-urbanitat\/","title":{"rendered":"Martin Nachbar beim GTF Symposium Tanz Raum Urbanit\u00e4t"},"content":{"rendered":"<h1>Martin Nachbar zu Gast beim GTF Symposium Tanz Raum Urbanit\u00e4t<\/h1>\n<p>Martin Nachbar wird am 5. Oktober 2014 im Rahmen <a href=\"http:\/\/www.gtf-tanzforschung.de\/download\/GTF-Symposium-2014.pdf\" target=\"_blank\">GTF Symposiums &#8222;Tanz Raum Urbanit\u00e4t&#8220; <\/a>mit einem Vortrag und Workshop zu Gast sein: &#8222;The Walk: Erkundung st\u00e4dtischen Gehverhaltens&#8220;<\/p>\n","protected":false},"excerpt":{"rendered":"<p>Martin Nachbar zu Gast beim GTF Symposium Tanz Raum Urbanit\u00e4t Martin Nachbar wird am 5. Oktober 2014 im Rahmen GTF Symposiums &#8222;Tanz Raum Urbanit\u00e4t&#8220; mit einem Vortrag und Workshop zu Gast sein: &#8222;The Walk: Erkundung st\u00e4dtischen Gehverhaltens&#8220;<\/p>\n","protected":false},"author":6,"featured_media":0,"comment_status":"closed","ping_status":"closed","sticky":false,"template":"","format":"standard","meta":[],"categories":[6],"tags":[],"_links":{"self":[{"href":"http:\/\/www.versammlung-und-teilhabe.de\/cms\/wp-json\/wp\/v2\/posts\/1519"}],"collection":[{"href":"http:\/\/www.versammlung-und-teilhabe.de\/cms\/wp-json\/wp\/v2\/posts"}],"about":[{"href":"http:\/\/www.versammlung-und-teilhabe.de\/cms\/wp-json\/wp\/v2\/types\/post"}],"author":[{"embeddable":true,"href":"http:\/\/www.versammlung-und-teilhabe.de\/cms\/wp-json\/wp\/v2\/users\/6"}],"replies":[{"embeddable":true,"href":"http:\/\/www.versammlung-und-teilhabe.de\/cms\/wp-json\/wp\/v2\/comments?post=1519"}],"version-history":[{"count":2,"href":"http:\/\/www.versammlung-und-teilhabe.de\/cms\/wp-json\/wp\/v2\/posts\/1519\/revisions"}],"predecessor-version":[{"id":1536,"href":"http:\/\/www.versammlung-und-teilhabe.de\/cms\/wp-json\/wp\/v2\/posts\/1519\/revisions\/1536"}],"wp:attachment":[{"href":"http:\/\/www.versammlung-und-teilhabe.de\/cms\/wp-json\/wp\/v2\/media?parent=1519"}],"wp:term":[{"taxonomy":"category","embeddable":true,"href":"http:\/\/www.versammlung-und-teilhabe.de\/cms\/wp-json\/wp\/v2\/categories?post=1519"},{"taxonomy":"post_tag","embeddable":true,"href":"http:\/\/www.versammlung-und-teilhabe.de\/cms\/wp-json\/wp\/v2\/tags?post=1519"}],"curies":[{"name":"wp","href":"https:\/\/api.w.org\/{rel}","templated":true}]}}