{"id":1502,"date":"2014-11-05T10:10:46","date_gmt":"2014-11-05T09:10:46","guid":{"rendered":"http:\/\/www.versammlung-und-teilhabe.de\/cms\/?p=1502"},"modified":"2014-11-20T15:46:40","modified_gmt":"2014-11-20T14:46:40","slug":"zungen-kunstlerischer-forschung-mit-gesa-ziemer","status":"publish","type":"post","link":"http:\/\/www.versammlung-und-teilhabe.de\/cms\/zungen-kunstlerischer-forschung-mit-gesa-ziemer\/","title":{"rendered":"Zungen k\u00fcnstlerischer Forschung mit Gesa Ziemer"},"content":{"rendered":"<h1>Zungen k\u00fcnstlerischer Forschung mit Gesa Ziemer<\/h1>\n<p>Gesa Ziemer h\u00e4lt am 14. November im <a href=\"http:\/\/www.tqw.at\/\" target=\"_blank\">Tanzquartier in Wien<\/a> einen Vortrag im Rahmen der Reihe <a href=\"http:\/\/www.tqw.at\/de\/theorie-diskurs\" target=\"_blank\">Zungen k\u00fcnstlerischer Forschung <\/a>zum Thema: &#8222;K\u00fcnstlerische Forschung: Wozu? \u00dcber ihr Verh\u00e4ltnis zu anderen Disziplinen und gesellschaftlichen Entwicklungen.&#8220;<\/p>\n","protected":false},"excerpt":{"rendered":"<p>Zungen k\u00fcnstlerischer Forschung mit Gesa Ziemer Gesa Ziemer h\u00e4lt am 14. November im Tanzquartier in Wien einen Vortrag im Rahmen der Reihe Zungen k\u00fcnstlerischer Forschung zum Thema: &#8222;K\u00fcnstlerische Forschung: Wozu? \u00dcber ihr Verh\u00e4ltnis zu anderen Disziplinen und gesellschaftlichen Entwicklungen.&#8220;<\/p>\n","protected":false},"author":6,"featured_media":0,"comment_status":"closed","ping_status":"closed","sticky":false,"template":"","format":"standard","meta":[],"categories":[6],"tags":[],"_links":{"self":[{"href":"http:\/\/www.versammlung-und-teilhabe.de\/cms\/wp-json\/wp\/v2\/posts\/1502"}],"collection":[{"href":"http:\/\/www.versammlung-und-teilhabe.de\/cms\/wp-json\/wp\/v2\/posts"}],"about":[{"href":"http:\/\/www.versammlung-und-teilhabe.de\/cms\/wp-json\/wp\/v2\/types\/post"}],"author":[{"embeddable":true,"href":"http:\/\/www.versammlung-und-teilhabe.de\/cms\/wp-json\/wp\/v2\/users\/6"}],"replies":[{"embeddable":true,"href":"http:\/\/www.versammlung-und-teilhabe.de\/cms\/wp-json\/wp\/v2\/comments?post=1502"}],"version-history":[{"count":2,"href":"http:\/\/www.versammlung-und-teilhabe.de\/cms\/wp-json\/wp\/v2\/posts\/1502\/revisions"}],"predecessor-version":[{"id":1533,"href":"http:\/\/www.versammlung-und-teilhabe.de\/cms\/wp-json\/wp\/v2\/posts\/1502\/revisions\/1533"}],"wp:attachment":[{"href":"http:\/\/www.versammlung-und-teilhabe.de\/cms\/wp-json\/wp\/v2\/media?parent=1502"}],"wp:term":[{"taxonomy":"category","embeddable":true,"href":"http:\/\/www.versammlung-und-teilhabe.de\/cms\/wp-json\/wp\/v2\/categories?post=1502"},{"taxonomy":"post_tag","embeddable":true,"href":"http:\/\/www.versammlung-und-teilhabe.de\/cms\/wp-json\/wp\/v2\/tags?post=1502"}],"curies":[{"name":"wp","href":"https:\/\/api.w.org\/{rel}","templated":true}]}}