{"id":1495,"date":"2014-11-02T11:05:31","date_gmt":"2014-11-02T10:05:31","guid":{"rendered":"http:\/\/www.versammlung-und-teilhabe.de\/cms\/?p=1495"},"modified":"2014-11-20T15:47:24","modified_gmt":"2014-11-20T14:47:24","slug":"publikationsbeitrag-dorothea-griesbach-offentlichkeit-ist-drausen-und-nicht-drinnen","status":"publish","type":"post","link":"http:\/\/www.versammlung-und-teilhabe.de\/cms\/publikationsbeitrag-dorothea-griesbach-offentlichkeit-ist-drausen-und-nicht-drinnen\/","title":{"rendered":"Publikationsbeitrag Dorothea Griesbach: \u00d6ffentlichkeit ist drau\u00dfen und nicht drinnen"},"content":{"rendered":"<h1>Publikationsbeitrag Dorothea Griesbach \u00d6ffentlichkeit ist drau\u00dfen und nicht drinnen<\/h1>\n<p>Der Publikationsbeitrag &#8222;\u00d6ffentlichkeit ist drau\u00dfen und nicht drinnen&#8220; von Dorothea Grie\u00dfbach zu Stadtwahrnehmungen im Kontext des k\u00fcnstlerisch-partizipativen Videoprojekts \u201aMitte von Hamburg\u2019 erscheint demn\u00e4chst bei <a href=\"http:\/\/www.ethnologie.uni-hamburg.de\/de\/forschung\/publikationen\/ethnoscripts.html\" target=\"_blank\">EthnoScripts Hamburg.<\/a><\/p>\n","protected":false},"excerpt":{"rendered":"<p>Publikationsbeitrag Dorothea Griesbach \u00d6ffentlichkeit ist drau\u00dfen und nicht drinnen Der Publikationsbeitrag &#8222;\u00d6ffentlichkeit ist drau\u00dfen und nicht drinnen&#8220; von Dorothea Grie\u00dfbach zu Stadtwahrnehmungen im Kontext des k\u00fcnstlerisch-partizipativen Videoprojekts \u201aMitte von Hamburg\u2019 erscheint demn\u00e4chst bei EthnoScripts Hamburg.<\/p>\n","protected":false},"author":6,"featured_media":0,"comment_status":"closed","ping_status":"closed","sticky":false,"template":"","format":"standard","meta":[],"categories":[6],"tags":[11],"_links":{"self":[{"href":"http:\/\/www.versammlung-und-teilhabe.de\/cms\/wp-json\/wp\/v2\/posts\/1495"}],"collection":[{"href":"http:\/\/www.versammlung-und-teilhabe.de\/cms\/wp-json\/wp\/v2\/posts"}],"about":[{"href":"http:\/\/www.versammlung-und-teilhabe.de\/cms\/wp-json\/wp\/v2\/types\/post"}],"author":[{"embeddable":true,"href":"http:\/\/www.versammlung-und-teilhabe.de\/cms\/wp-json\/wp\/v2\/users\/6"}],"replies":[{"embeddable":true,"href":"http:\/\/www.versammlung-und-teilhabe.de\/cms\/wp-json\/wp\/v2\/comments?post=1495"}],"version-history":[{"count":7,"href":"http:\/\/www.versammlung-und-teilhabe.de\/cms\/wp-json\/wp\/v2\/posts\/1495\/revisions"}],"predecessor-version":[{"id":1534,"href":"http:\/\/www.versammlung-und-teilhabe.de\/cms\/wp-json\/wp\/v2\/posts\/1495\/revisions\/1534"}],"wp:attachment":[{"href":"http:\/\/www.versammlung-und-teilhabe.de\/cms\/wp-json\/wp\/v2\/media?parent=1495"}],"wp:term":[{"taxonomy":"category","embeddable":true,"href":"http:\/\/www.versammlung-und-teilhabe.de\/cms\/wp-json\/wp\/v2\/categories?post=1495"},{"taxonomy":"post_tag","embeddable":true,"href":"http:\/\/www.versammlung-und-teilhabe.de\/cms\/wp-json\/wp\/v2\/tags?post=1495"}],"curies":[{"name":"wp","href":"https:\/\/api.w.org\/{rel}","templated":true}]}}