{"id":1490,"date":"2014-11-01T08:00:47","date_gmt":"2014-11-01T07:00:47","guid":{"rendered":"http:\/\/www.versammlung-und-teilhabe.de\/cms\/?p=1490"},"modified":"2014-11-20T15:47:55","modified_gmt":"2014-11-20T14:47:55","slug":"dorothea-griesbach-halt-einen-vortrag-am-john-stuart-mill-institut","status":"publish","type":"post","link":"http:\/\/www.versammlung-und-teilhabe.de\/cms\/dorothea-griesbach-halt-einen-vortrag-am-john-stuart-mill-institut\/","title":{"rendered":"Dorothea Grie\u00dfbach h\u00e4lt einen Vortrag am John Stuart Mill Institut"},"content":{"rendered":"<h1>Dorothea Grie\u00dfbach h\u00e4lt einen Vortrag am John Stuart Mill Institut<\/h1>\n<p>Dorothea Grie\u00dfbach h\u00e4lt am 4. und 5. November einen Vortrag auf der <a href=\"http:\/\/www.hochschule-heidelberg.de\/de\/fakultaet-fuer-wirtschaft\/john-stuart-mill-institut-fuer-freiheitsforschung\/forschungsprojekt-oeffentlichkeit-und-privatheit\/\" target=\"_blank\">Tagung \u00d6ffentlichkeiten im Zeitalter des digitalen Wandels<\/a> am <a href=\"http:\/\/www.hochschule-heidelberg.de\/de\/fakultaet-fuer-wirtschaft\/john-stuart-mill-institut-fuer-freiheitsforschung\/\" target=\"_blank\">Stuart Mill Institut f\u00fcr Freiheitsforschung.<\/a> Der Titel des Vortrags lautet &#8222;Zwischen \u201aonline\u2019 und \u201adrau\u00dfen\u2019 \u2013 \u00d6ffentlichkeitskonzepte jugendlicher Videoakteure in Hamburg-Billstedt ein Videoprojekt in \u00f6ffentlichen Verkehrsmitteln \u2013 eine Feldforschung.&#8220;<\/p>\n","protected":false},"excerpt":{"rendered":"<p>Dorothea Grie\u00dfbach h\u00e4lt einen Vortrag am John Stuart Mill Institut Dorothea Grie\u00dfbach h\u00e4lt am 4. und 5. November einen Vortrag auf der Tagung \u00d6ffentlichkeiten im Zeitalter des digitalen Wandels am Stuart Mill Institut f\u00fcr Freiheitsforschung. Der Titel des Vortrags lautet &hellip; <a href=\"http:\/\/www.versammlung-und-teilhabe.de\/cms\/dorothea-griesbach-halt-einen-vortrag-am-john-stuart-mill-institut\/\">Weiterlesen <span class=\"meta-nav\">&rarr;<\/span><\/a><\/p>\n","protected":false},"author":6,"featured_media":0,"comment_status":"closed","ping_status":"closed","sticky":false,"template":"","format":"standard","meta":[],"categories":[6],"tags":[10],"_links":{"self":[{"href":"http:\/\/www.versammlung-und-teilhabe.de\/cms\/wp-json\/wp\/v2\/posts\/1490"}],"collection":[{"href":"http:\/\/www.versammlung-und-teilhabe.de\/cms\/wp-json\/wp\/v2\/posts"}],"about":[{"href":"http:\/\/www.versammlung-und-teilhabe.de\/cms\/wp-json\/wp\/v2\/types\/post"}],"author":[{"embeddable":true,"href":"http:\/\/www.versammlung-und-teilhabe.de\/cms\/wp-json\/wp\/v2\/users\/6"}],"replies":[{"embeddable":true,"href":"http:\/\/www.versammlung-und-teilhabe.de\/cms\/wp-json\/wp\/v2\/comments?post=1490"}],"version-history":[{"count":5,"href":"http:\/\/www.versammlung-und-teilhabe.de\/cms\/wp-json\/wp\/v2\/posts\/1490\/revisions"}],"predecessor-version":[{"id":1494,"href":"http:\/\/www.versammlung-und-teilhabe.de\/cms\/wp-json\/wp\/v2\/posts\/1490\/revisions\/1494"}],"wp:attachment":[{"href":"http:\/\/www.versammlung-und-teilhabe.de\/cms\/wp-json\/wp\/v2\/media?parent=1490"}],"wp:term":[{"taxonomy":"category","embeddable":true,"href":"http:\/\/www.versammlung-und-teilhabe.de\/cms\/wp-json\/wp\/v2\/categories?post=1490"},{"taxonomy":"post_tag","embeddable":true,"href":"http:\/\/www.versammlung-und-teilhabe.de\/cms\/wp-json\/wp\/v2\/tags?post=1490"}],"curies":[{"name":"wp","href":"https:\/\/api.w.org\/{rel}","templated":true}]}}