{"id":1454,"date":"2014-09-04T13:20:51","date_gmt":"2014-09-04T12:20:51","guid":{"rendered":"http:\/\/www.versammlung-und-teilhabe.de\/cms\/?p=1454"},"modified":"2015-07-19T13:46:43","modified_gmt":"2015-07-19T12:46:43","slug":"open-call-fur-the-art-of-being-many","status":"publish","type":"post","link":"http:\/\/www.versammlung-und-teilhabe.de\/cms\/open-call-fur-the-art-of-being-many\/","title":{"rendered":"Open Call f\u00fcr The Art Of Being Many"},"content":{"rendered":"<h1>Open Call f\u00fcr The Art of Being Many<\/h1>\n<p><a href=\"http:\/\/the-art-of-being-many.net\/\" target=\"_blank\">The Art of Being Many<\/a>, 27. und 28. September in Hamburg auf <a href=\"http:\/\/kampnagel.de\/de\/home\/\" target=\"_blank\">Kampnagel,<\/a> ist eine Versammlung der Versammlungen. Aus ganz Europa und der Welt kommen Kollektive nach Hamburg zusammen. Kollektive, die aus den gro\u00dfen Versammlungen entstanden sind, die in den vergangenen vier Jahren \u00fcberall auf der Welt auf \u00f6ffentlichen Pl\u00e4tzen, in besetzten Fabriken, Theatern, bei Kunstaktionen und in lokalen Zentren stattgefunden haben. Derzeit wird gemeinsam mit anderen K\u00fcnstlerkollektiven auf Kampnagel eine Versammlungshalle gebaut, eine post-industrielle Arena, in der Platz f\u00fcr 400 Leute ist, die zuh\u00f6ren und mitreden, trinken, spielen und in die Sauna gehen, erz\u00e4hlen, chatten, schreiben, zeichnen, tanzen, die Zeit neu vermessen, frei sprechen, schlafen und arbeiten \u2013 und zwar alles gleichzeitig.<\/p>\n<p>Die H\u00e4lfte der Pl\u00e4tze in der Halle wird von den Kollektiven gef\u00fcllt, die die Versammlung in den vergangenen 18 Monaten vorbereitet haben. <strong>Hiermit wird dazu aufgerufen, die andere H\u00e4lfte zu besetzen! Alle Teilnehmer_innen sind eingeladen, aktiv an der Versammlung mitzuwirken und ihre Erfahrungen zu teilen! <\/strong>Mehr Informationen sowie Registrierung <a href=\"http:\/\/www.geheimagentur.net\/\" target=\"_blank\">hier.<\/a><\/p>\n","protected":false},"excerpt":{"rendered":"<p>Open Call f\u00fcr The Art of Being Many The Art of Being Many, 27. und 28. September in Hamburg auf Kampnagel, ist eine Versammlung der Versammlungen. Aus ganz Europa und der Welt kommen Kollektive nach Hamburg zusammen. Kollektive, die aus &hellip; <a href=\"http:\/\/www.versammlung-und-teilhabe.de\/cms\/open-call-fur-the-art-of-being-many\/\">Weiterlesen <span class=\"meta-nav\">&rarr;<\/span><\/a><\/p>\n","protected":false},"author":6,"featured_media":0,"comment_status":"closed","ping_status":"closed","sticky":false,"template":"","format":"standard","meta":[],"categories":[6],"tags":[],"_links":{"self":[{"href":"http:\/\/www.versammlung-und-teilhabe.de\/cms\/wp-json\/wp\/v2\/posts\/1454"}],"collection":[{"href":"http:\/\/www.versammlung-und-teilhabe.de\/cms\/wp-json\/wp\/v2\/posts"}],"about":[{"href":"http:\/\/www.versammlung-und-teilhabe.de\/cms\/wp-json\/wp\/v2\/types\/post"}],"author":[{"embeddable":true,"href":"http:\/\/www.versammlung-und-teilhabe.de\/cms\/wp-json\/wp\/v2\/users\/6"}],"replies":[{"embeddable":true,"href":"http:\/\/www.versammlung-und-teilhabe.de\/cms\/wp-json\/wp\/v2\/comments?post=1454"}],"version-history":[{"count":7,"href":"http:\/\/www.versammlung-und-teilhabe.de\/cms\/wp-json\/wp\/v2\/posts\/1454\/revisions"}],"predecessor-version":[{"id":1601,"href":"http:\/\/www.versammlung-und-teilhabe.de\/cms\/wp-json\/wp\/v2\/posts\/1454\/revisions\/1601"}],"wp:attachment":[{"href":"http:\/\/www.versammlung-und-teilhabe.de\/cms\/wp-json\/wp\/v2\/media?parent=1454"}],"wp:term":[{"taxonomy":"category","embeddable":true,"href":"http:\/\/www.versammlung-und-teilhabe.de\/cms\/wp-json\/wp\/v2\/categories?post=1454"},{"taxonomy":"post_tag","embeddable":true,"href":"http:\/\/www.versammlung-und-teilhabe.de\/cms\/wp-json\/wp\/v2\/tags?post=1454"}],"curies":[{"name":"wp","href":"https:\/\/api.w.org\/{rel}","templated":true}]}}