{"id":1380,"date":"2014-03-20T11:15:47","date_gmt":"2014-03-20T10:15:47","guid":{"rendered":"http:\/\/www.versammlung-und-teilhabe.de\/cms\/?p=1380"},"modified":"2014-03-31T08:14:39","modified_gmt":"2014-03-31T07:14:39","slug":"rekonstruieren-von-tanzstucken-am-ccn-montpellier","status":"publish","type":"post","link":"http:\/\/www.versammlung-und-teilhabe.de\/cms\/rekonstruieren-von-tanzstucken-am-ccn-montpellier\/","title":{"rendered":"Rekonstruieren von Tanzst\u00fccken am CCN Montpellier"},"content":{"rendered":"<h1>Rekonstruieren von Tanzst\u00fccken am CCN Montpellier<\/h1>\n<p>Martin Nachbar h\u00e4lt am 25. M\u00e4rz den Vortrag <a title=\"http:\/\/www.mathildemonnier.com\/#pa_676d936ac14871f1cdb4c26e1b3fe650\" href=\"http:\/\/www.mathildemonnier.com\/#pa_676d936ac14871f1cdb4c26e1b3fe650\">Rekonstruieren von Tanzst\u00fccken<\/a> am CCN Montpellier.<\/p>\n","protected":false},"excerpt":{"rendered":"<p>Rekonstruieren von Tanzst\u00fccken am CCN Montpellier Martin Nachbar h\u00e4lt am 25. M\u00e4rz den Vortrag Rekonstruieren von Tanzst\u00fccken am CCN Montpellier.<\/p>\n","protected":false},"author":3,"featured_media":0,"comment_status":"closed","ping_status":"closed","sticky":false,"template":"","format":"standard","meta":[],"categories":[6],"tags":[],"_links":{"self":[{"href":"http:\/\/www.versammlung-und-teilhabe.de\/cms\/wp-json\/wp\/v2\/posts\/1380"}],"collection":[{"href":"http:\/\/www.versammlung-und-teilhabe.de\/cms\/wp-json\/wp\/v2\/posts"}],"about":[{"href":"http:\/\/www.versammlung-und-teilhabe.de\/cms\/wp-json\/wp\/v2\/types\/post"}],"author":[{"embeddable":true,"href":"http:\/\/www.versammlung-und-teilhabe.de\/cms\/wp-json\/wp\/v2\/users\/3"}],"replies":[{"embeddable":true,"href":"http:\/\/www.versammlung-und-teilhabe.de\/cms\/wp-json\/wp\/v2\/comments?post=1380"}],"version-history":[{"count":3,"href":"http:\/\/www.versammlung-und-teilhabe.de\/cms\/wp-json\/wp\/v2\/posts\/1380\/revisions"}],"predecessor-version":[{"id":1382,"href":"http:\/\/www.versammlung-und-teilhabe.de\/cms\/wp-json\/wp\/v2\/posts\/1380\/revisions\/1382"}],"wp:attachment":[{"href":"http:\/\/www.versammlung-und-teilhabe.de\/cms\/wp-json\/wp\/v2\/media?parent=1380"}],"wp:term":[{"taxonomy":"category","embeddable":true,"href":"http:\/\/www.versammlung-und-teilhabe.de\/cms\/wp-json\/wp\/v2\/categories?post=1380"},{"taxonomy":"post_tag","embeddable":true,"href":"http:\/\/www.versammlung-und-teilhabe.de\/cms\/wp-json\/wp\/v2\/tags?post=1380"}],"curies":[{"name":"wp","href":"https:\/\/api.w.org\/{rel}","templated":true}]}}