{"id":1338,"date":"2013-09-28T09:05:14","date_gmt":"2013-09-28T08:05:14","guid":{"rendered":"http:\/\/www.versammlung-und-teilhabe.de\/cms\/?p=1338"},"modified":"2014-03-28T09:16:52","modified_gmt":"2014-03-28T08:16:52","slug":"sibylle-peters-bei-der-gfm-in-luneburg","status":"publish","type":"post","link":"http:\/\/www.versammlung-und-teilhabe.de\/cms\/sibylle-peters-bei-der-gfm-in-luneburg\/","title":{"rendered":"Sibylle Peters bei der GfM in L\u00fcneburg"},"content":{"rendered":"<h1>Sibylle Peters bei der GfM in L\u00fcneburg<\/h1>\n<p>Sibylle Peters h\u00e4lt den Vortrag &#8218;Das Wissen der Versammlung&#8216; auf der <a title=\"http:\/\/www.gfmedienwissenschaft.de\/gfm\/news\/index.php?TID=1361\" href=\"http:\/\/www.gfmedienwissenschaft.de\/gfm\/news\/index.php?TID=1361\">Jahrestagung der Gesellschaft f\u00fcr Medienwissenschaft (GfM) <\/a>am 05. Oktober 2013 in L\u00fcneburg<\/p>\n","protected":false},"excerpt":{"rendered":"<p>Sibylle Peters bei der GfM in L\u00fcneburg Sibylle Peters h\u00e4lt den Vortrag &#8218;Das Wissen der Versammlung&#8216; auf der Jahrestagung der Gesellschaft f\u00fcr Medienwissenschaft (GfM) am 05. Oktober 2013 in L\u00fcneburg<\/p>\n","protected":false},"author":3,"featured_media":0,"comment_status":"closed","ping_status":"closed","sticky":false,"template":"","format":"standard","meta":[],"categories":[6],"tags":[],"_links":{"self":[{"href":"http:\/\/www.versammlung-und-teilhabe.de\/cms\/wp-json\/wp\/v2\/posts\/1338"}],"collection":[{"href":"http:\/\/www.versammlung-und-teilhabe.de\/cms\/wp-json\/wp\/v2\/posts"}],"about":[{"href":"http:\/\/www.versammlung-und-teilhabe.de\/cms\/wp-json\/wp\/v2\/types\/post"}],"author":[{"embeddable":true,"href":"http:\/\/www.versammlung-und-teilhabe.de\/cms\/wp-json\/wp\/v2\/users\/3"}],"replies":[{"embeddable":true,"href":"http:\/\/www.versammlung-und-teilhabe.de\/cms\/wp-json\/wp\/v2\/comments?post=1338"}],"version-history":[{"count":5,"href":"http:\/\/www.versammlung-und-teilhabe.de\/cms\/wp-json\/wp\/v2\/posts\/1338\/revisions"}],"predecessor-version":[{"id":1343,"href":"http:\/\/www.versammlung-und-teilhabe.de\/cms\/wp-json\/wp\/v2\/posts\/1338\/revisions\/1343"}],"wp:attachment":[{"href":"http:\/\/www.versammlung-und-teilhabe.de\/cms\/wp-json\/wp\/v2\/media?parent=1338"}],"wp:term":[{"taxonomy":"category","embeddable":true,"href":"http:\/\/www.versammlung-und-teilhabe.de\/cms\/wp-json\/wp\/v2\/categories?post=1338"},{"taxonomy":"post_tag","embeddable":true,"href":"http:\/\/www.versammlung-und-teilhabe.de\/cms\/wp-json\/wp\/v2\/tags?post=1338"}],"curies":[{"name":"wp","href":"https:\/\/api.w.org\/{rel}","templated":true}]}}