{"id":1319,"date":"2013-06-01T09:28:30","date_gmt":"2013-06-01T08:28:30","guid":{"rendered":"http:\/\/www.versammlung-und-teilhabe.de\/cms\/?p=1319"},"modified":"2014-03-27T09:33:12","modified_gmt":"2014-03-27T08:33:12","slug":"margarita-tsomou-am-buro-fur-gleichstellung-und-gender-studies","status":"publish","type":"post","link":"http:\/\/www.versammlung-und-teilhabe.de\/cms\/margarita-tsomou-am-buro-fur-gleichstellung-und-gender-studies\/","title":{"rendered":"Margarita Tsomou am B\u00fcro f\u00fcr Gleichstellung und Gender Studies"},"content":{"rendered":"<h1>Margarita Tsomou am B\u00fcro f\u00fcr Gleichstellung und Gender Studies<\/h1>\n<p>Margarita Tsomou h\u00e4lt einen Vortrag am B\u00fcro f\u00fcr Gleichstellung und Gender Studies in Innsbruck und spricht mit Franz Schultheis, Ilker Ata\u00e7 und K\u00e4the Knittler auf der\u00a0Podiumsdiskussion <a title=\"http:\/\/www.uibk.ac.at\/leopoldine\/gender-studies\/veranstaltungen\/13\/veranstaltungen.html\" href=\"http:\/\/www.uibk.ac.at\/leopoldine\/gender-studies\/veranstaltungen\/13\/veranstaltungen.html\">\u201eDie kommenden Aufst\u00e4nde\u201c \u2013 Systemkrisen westlicher Demokratien<\/a> am 17. Juni 2013<\/p>\n","protected":false},"excerpt":{"rendered":"<p>Margarita Tsomou am B\u00fcro f\u00fcr Gleichstellung und Gender Studies Margarita Tsomou h\u00e4lt einen Vortrag am B\u00fcro f\u00fcr Gleichstellung und Gender Studies in Innsbruck und spricht mit Franz Schultheis, Ilker Ata\u00e7 und K\u00e4the Knittler auf der\u00a0Podiumsdiskussion \u201eDie kommenden Aufst\u00e4nde\u201c \u2013 Systemkrisen &hellip; <a href=\"http:\/\/www.versammlung-und-teilhabe.de\/cms\/margarita-tsomou-am-buro-fur-gleichstellung-und-gender-studies\/\">Weiterlesen <span class=\"meta-nav\">&rarr;<\/span><\/a><\/p>\n","protected":false},"author":3,"featured_media":0,"comment_status":"closed","ping_status":"closed","sticky":false,"template":"","format":"standard","meta":[],"categories":[6],"tags":[],"_links":{"self":[{"href":"http:\/\/www.versammlung-und-teilhabe.de\/cms\/wp-json\/wp\/v2\/posts\/1319"}],"collection":[{"href":"http:\/\/www.versammlung-und-teilhabe.de\/cms\/wp-json\/wp\/v2\/posts"}],"about":[{"href":"http:\/\/www.versammlung-und-teilhabe.de\/cms\/wp-json\/wp\/v2\/types\/post"}],"author":[{"embeddable":true,"href":"http:\/\/www.versammlung-und-teilhabe.de\/cms\/wp-json\/wp\/v2\/users\/3"}],"replies":[{"embeddable":true,"href":"http:\/\/www.versammlung-und-teilhabe.de\/cms\/wp-json\/wp\/v2\/comments?post=1319"}],"version-history":[{"count":2,"href":"http:\/\/www.versammlung-und-teilhabe.de\/cms\/wp-json\/wp\/v2\/posts\/1319\/revisions"}],"predecessor-version":[{"id":1321,"href":"http:\/\/www.versammlung-und-teilhabe.de\/cms\/wp-json\/wp\/v2\/posts\/1319\/revisions\/1321"}],"wp:attachment":[{"href":"http:\/\/www.versammlung-und-teilhabe.de\/cms\/wp-json\/wp\/v2\/media?parent=1319"}],"wp:term":[{"taxonomy":"category","embeddable":true,"href":"http:\/\/www.versammlung-und-teilhabe.de\/cms\/wp-json\/wp\/v2\/categories?post=1319"},{"taxonomy":"post_tag","embeddable":true,"href":"http:\/\/www.versammlung-und-teilhabe.de\/cms\/wp-json\/wp\/v2\/tags?post=1319"}],"curies":[{"name":"wp","href":"https:\/\/api.w.org\/{rel}","templated":true}]}}