{"id":1309,"date":"2013-10-01T09:06:26","date_gmt":"2013-10-01T08:06:26","guid":{"rendered":"http:\/\/www.versammlung-und-teilhabe.de\/cms\/?p=1309"},"modified":"2014-03-27T09:16:12","modified_gmt":"2014-03-27T08:16:12","slug":"tsomou-und-v-bernstorff-halten-ein-hcu-seminar","status":"publish","type":"post","link":"http:\/\/www.versammlung-und-teilhabe.de\/cms\/tsomou-und-v-bernstorff-halten-ein-hcu-seminar\/","title":{"rendered":"Tsomou und v. Bernstorff halten ein HCU Seminar"},"content":{"rendered":"<h1>\u00a0Tsomou und v. Bernstorff halten ein HCU Seminar<\/h1>\n<p>Im Wintersemester 2013\/2014 halten Margarita Tsomou und Elise v. Bernstorff das Seminar\u00a0<a title=\"https:\/\/www.ahoi.hcu-hamburg.de\/scripts\/mgrqispi.dll?APPNAME=CampusNet&amp;PRGNAME=COURSEDETAILS&amp;ARGUMENTS=-N000000000000001,-N000405,-N0,-N351025394389940,-N351025394356941,-N0,-N0,-N0\" href=\"https:\/\/www.ahoi.hcu-hamburg.de\/scripts\/mgrqispi.dll?APPNAME=CampusNet&amp;PRGNAME=COURSEDETAILS&amp;ARGUMENTS=-N000000000000001,-N000405,-N0,-N351025394389940,-N351025394356941,-N0,-N0,-N0\">Die Versammlung: R\u00e4ume-Medien-K\u00fcnste<\/a> an der HafenCity Universit\u00e4t<\/p>\n","protected":false},"excerpt":{"rendered":"<p>\u00a0Tsomou und v. Bernstorff halten ein HCU Seminar Im Wintersemester 2013\/2014 halten Margarita Tsomou und Elise v. Bernstorff das Seminar\u00a0Die Versammlung: R\u00e4ume-Medien-K\u00fcnste an der HafenCity Universit\u00e4t<\/p>\n","protected":false},"author":3,"featured_media":0,"comment_status":"closed","ping_status":"closed","sticky":false,"template":"","format":"standard","meta":[],"categories":[6,1],"tags":[],"_links":{"self":[{"href":"http:\/\/www.versammlung-und-teilhabe.de\/cms\/wp-json\/wp\/v2\/posts\/1309"}],"collection":[{"href":"http:\/\/www.versammlung-und-teilhabe.de\/cms\/wp-json\/wp\/v2\/posts"}],"about":[{"href":"http:\/\/www.versammlung-und-teilhabe.de\/cms\/wp-json\/wp\/v2\/types\/post"}],"author":[{"embeddable":true,"href":"http:\/\/www.versammlung-und-teilhabe.de\/cms\/wp-json\/wp\/v2\/users\/3"}],"replies":[{"embeddable":true,"href":"http:\/\/www.versammlung-und-teilhabe.de\/cms\/wp-json\/wp\/v2\/comments?post=1309"}],"version-history":[{"count":3,"href":"http:\/\/www.versammlung-und-teilhabe.de\/cms\/wp-json\/wp\/v2\/posts\/1309\/revisions"}],"predecessor-version":[{"id":1313,"href":"http:\/\/www.versammlung-und-teilhabe.de\/cms\/wp-json\/wp\/v2\/posts\/1309\/revisions\/1313"}],"wp:attachment":[{"href":"http:\/\/www.versammlung-und-teilhabe.de\/cms\/wp-json\/wp\/v2\/media?parent=1309"}],"wp:term":[{"taxonomy":"category","embeddable":true,"href":"http:\/\/www.versammlung-und-teilhabe.de\/cms\/wp-json\/wp\/v2\/categories?post=1309"},{"taxonomy":"post_tag","embeddable":true,"href":"http:\/\/www.versammlung-und-teilhabe.de\/cms\/wp-json\/wp\/v2\/tags?post=1309"}],"curies":[{"name":"wp","href":"https:\/\/api.w.org\/{rel}","templated":true}]}}