{"id":1128,"date":"2013-06-13T12:07:27","date_gmt":"2013-06-13T11:07:27","guid":{"rendered":"http:\/\/www.versammlung-und-teilhabe.de\/cms\/?p=1128"},"modified":"2014-09-04T13:23:27","modified_gmt":"2014-09-04T12:23:27","slug":"vortrag-von-chantal-mouffe","status":"publish","type":"post","link":"http:\/\/www.versammlung-und-teilhabe.de\/cms\/vortrag-von-chantal-mouffe\/","title":{"rendered":"Vortrag von Chantal Mouffe"},"content":{"rendered":"<h1>Chantal Mouffe: Critical Artistic Practices as Counter-Hegemonic Interventions\u00a0 [Kritisches k\u00fcnstlerisches Handeln als gegenhegemoniale Intervention]<\/h1>\n<h2>27.06.2013, 19 Uhr, Kunstverein Hamburg<\/h2>\n<p>Im Rahmen des Graduiertenkollegs \u201eVersammlung und Teilhabe: Urbane \u00d6ffentlichkeiten und performative K\u00fcnste\u201c \u2013 das sich die Frage stellt, wie die performativen und medialen K\u00fcnste zur Entwicklung neuer Formen der \u00f6ffentlichen Versammlung und der demokratischen Teilhabe in der urbanen Zivilgesellschaft beitragen k\u00f6nnen \u2013 und in Kooperation mit dem Kunstverein Hamburg haben wir Chantal Mouffe eingeladen \u00fcber \u201eKritisches k\u00fcnstlerisches Handeln als gegenhegemoniale Intervention\u201c vorzutragen.<\/p>\n<p>Chantal Mouffe definiert den \u00f6ffentlichen Raum als ein Schlachtfeld, auf dem verschiedene hegemoniale Projekte ohne die M\u00f6glichkeit einer endg\u00fcltigen Vers\u00f6hnung konfrontiert sind. Zentral f\u00fcr ihre Theorien und f\u00fcr den Vortrag ist ihre Unterscheidung zwischen dem Antagonismus als eine &#8222;wir \/ sie&#8220; Beziehung, bei der beide Seiten Feinde sind, und die daher keine gemeinsame Basis teilen und dem Agonismus, eine &#8222;wir \/ sie&#8220; Beziehung, in der die Konfliktparteien anerkennen, dass es keine rationale L\u00f6sung f\u00fcr ihren Konflikt gibt, aber die Legitimit\u00e4t ihrer Gegners nicht in Abrede stellen.<\/p>\n<p>Nach Mouffe kann kritische k\u00fcnstlerische Praxis eine wichtige Rolle bei der Untergrabung der dominanten Hegemonie in diesem sogenannten &#8218;agonistischen&#8216; Modell des \u00f6ffentlichen Raums spielen. Kritisch-k\u00fcnstlerisches Handeln bringt Widerstandsr\u00e4ume hervor, die zu Gesellschaftskritik und radikaler Politik bef\u00e4higen.<\/p>\n<p>Chantal Mouffe ist Professorin f\u00fcr Politische Theorie und Direktorin des &#8222;Centre for the Study of Democracy\u201d an der University of Westminster in London. Sie ist Mitglied im Kuratorium des &#8222;Institut Solidarische Moderne&#8220; und Herausgeberin von &#8222;Dimensions of Radical Democracy. Pluralism, Citizenship, Community&#8220; (1992), Co-Autorin (mit Ernesto Laclau) von &#8222;Hegemonie und radikale Demokratie. Zur Dekonstruktion des Marxismus (1985\/1991) und Autorin von &#8220; Das demokratische Paradox &#8220; (2000\/2008) und &#8220; \u00dcber das Politische, Wider die kosmopolitische Illusion &#8220; (2005\/2007).<\/p>\n<p>Vortrag in englischer Sprache.<\/p>\n<p>In Kooperation mit dem <a title=\"Kunstverein Hamburg\" href=\"http:\/\/www.kunstverein.de\/\" target=\"_blank\">Kunstverein Hamburg<\/a>.<\/p>\n","protected":false},"excerpt":{"rendered":"<p>Chantal Mouffe: Critical Artistic Practices as Counter-Hegemonic Interventions\u00a0 [Kritisches k\u00fcnstlerisches Handeln als gegenhegemoniale Intervention] 27.06.2013, 19 Uhr, Kunstverein Hamburg Im Rahmen des Graduiertenkollegs \u201eVersammlung und Teilhabe: Urbane \u00d6ffentlichkeiten und performative K\u00fcnste\u201c \u2013 das sich die Frage stellt, wie die performativen &hellip; <a href=\"http:\/\/www.versammlung-und-teilhabe.de\/cms\/vortrag-von-chantal-mouffe\/\">Weiterlesen <span class=\"meta-nav\">&rarr;<\/span><\/a><\/p>\n","protected":false},"author":3,"featured_media":0,"comment_status":"closed","ping_status":"closed","sticky":false,"template":"","format":"standard","meta":[],"categories":[6,3],"tags":[],"_links":{"self":[{"href":"http:\/\/www.versammlung-und-teilhabe.de\/cms\/wp-json\/wp\/v2\/posts\/1128"}],"collection":[{"href":"http:\/\/www.versammlung-und-teilhabe.de\/cms\/wp-json\/wp\/v2\/posts"}],"about":[{"href":"http:\/\/www.versammlung-und-teilhabe.de\/cms\/wp-json\/wp\/v2\/types\/post"}],"author":[{"embeddable":true,"href":"http:\/\/www.versammlung-und-teilhabe.de\/cms\/wp-json\/wp\/v2\/users\/3"}],"replies":[{"embeddable":true,"href":"http:\/\/www.versammlung-und-teilhabe.de\/cms\/wp-json\/wp\/v2\/comments?post=1128"}],"version-history":[{"count":14,"href":"http:\/\/www.versammlung-und-teilhabe.de\/cms\/wp-json\/wp\/v2\/posts\/1128\/revisions"}],"predecessor-version":[{"id":1459,"href":"http:\/\/www.versammlung-und-teilhabe.de\/cms\/wp-json\/wp\/v2\/posts\/1128\/revisions\/1459"}],"wp:attachment":[{"href":"http:\/\/www.versammlung-und-teilhabe.de\/cms\/wp-json\/wp\/v2\/media?parent=1128"}],"wp:term":[{"taxonomy":"category","embeddable":true,"href":"http:\/\/www.versammlung-und-teilhabe.de\/cms\/wp-json\/wp\/v2\/categories?post=1128"},{"taxonomy":"post_tag","embeddable":true,"href":"http:\/\/www.versammlung-und-teilhabe.de\/cms\/wp-json\/wp\/v2\/tags?post=1128"}],"curies":[{"name":"wp","href":"https:\/\/api.w.org\/{rel}","templated":true}]}}