{"id":1124,"date":"2013-06-01T23:19:32","date_gmt":"2013-06-01T22:19:32","guid":{"rendered":"http:\/\/www.versammlung-und-teilhabe.de\/cms\/?p=1124"},"modified":"2013-06-01T23:21:58","modified_gmt":"2013-06-01T22:21:58","slug":"hannah-kowalski","status":"publish","type":"post","link":"http:\/\/www.versammlung-und-teilhabe.de\/cms\/hannah-kowalski\/","title":{"rendered":"Hannah Kowalski"},"content":{"rendered":"<h1>JA NEIN VIELLEICHT<\/h1>\n<p><!--more--><\/p>\n<p>Wenn viele Menschen zusammenkommen und sich gemeinsam organisieren \u2013 ob bei Versammlungen oder Konferenzen, in alternativen Projekten, bei politischen Wahlen oder bei Planungsprozessen \u2013 \u00fcberall m\u00fcssen kollektive Entscheidungen getroffen werden. Dabei sind Entscheidungsstrukturen und &#8211; prozesse oftmals vorgegeben oder folgen bew\u00e4hrten Mustern. Kollektive Entscheidungsprozesse k\u00f6nnen als effektiv und motivierend oder als entt\u00e4uschend und ausschlie\u00dfend wahrgenommen werden. Die meisten Menschen, die an kollektiven Entscheidungsprozessen teilgenommen haben, haben ihre eigenen Erfahrungen mit zerm\u00fcrbenden, langweiligen, z\u00e4hen und als nicht effektiv empfundenen Versammlungen, Plena oder Konferenzen machen m\u00fcssen. Die Frage, die in diesem Forschungsvorhaben er\u00f6rtert werden soll, ist, ob die r\u00e4umliche und performative Gestaltung eines Versammlungsraumes einen relevanten Faktor f\u00fcr das Gelingen von kollektiven Entscheidungsprozessen darstellt. Ausgangspunkt dieser \u00dcberlegung ist die Annahme, dass die Architektur des Raumes, sowie auch die Objekte in den R\u00e4umen, die Entscheidungsprozesse dahingehend beeinflussen, dass sie sich als Infrastruktur des Raumes entscheidend auf das Agieren, Rezipieren und die Bewegung der Teilnehmer_innen auswirken. Macht es einen Unterschied, ob man per Stimmkarte abstimmt oder man durch eine bestimmte T\u00fcr gehen muss, um zu einer Abstimmung zu kommen? Ist eine andere Bewegung, ein anderer Umgang mit einem Gegenstand in irgendeiner Weise relevant f\u00fcr einen Abstimmungsvorgang? Inwiefern also beeinflusst die Gestaltung und die Ausgestaltung von R\u00e4umen die Entscheidungsf\u00e4higkeit und die Motivation zum gemeinsamen Entscheiden?<\/p>\n<p>Es sollen demnach die performativen Faktoren, die k\u00f6rperliche Anordnung im Raum, der Einsatz von medialen Mitteln, die Rollenverteilungen, die zeitlichen Protokolle, die materiellen Gegebenheiten und die rituellen Abl\u00e4ufe bei Entscheidungsprozessen untersucht werden. Ziel ist es, mit szenischen Mitteln diese Variablen sichtbar zu machen und alternative kollektive Entscheidungsformate zu entwickeln.<\/p>\n<p>Zu der Erforschung von kollektiven Entscheidungsformen wird im ersten k\u00fcnstlerischen Teil der Arbeit gemeinsam mit Kindern ein Planungsprozess im \u00f6ffentlichen Raum vollzogen. Es soll nicht abstrakt zu kollektiven Entscheidungsformaten geforscht werden, sondern konkret: Es geht um das Sanierungsgebiet G\u00e4ngeviertel. Kinder aus der Nachbarschaft des G\u00e4ngeviertels sollen Ideen und Vorschl\u00e4ge entwickeln, wie man die Freifl\u00e4chengestaltung planen soll, damit es auch ein interessanter Ort f\u00fcr Kinder wird.\u00a0 Der planerische Prozess wird mit k\u00fcnstlerischen Mitteln durchgef\u00fchrt, und die Entscheidungsprozesse \u00a0diesbez\u00fcglich finden in einem gestalteten Theaterraum statt. Im zweiten Teil des Dissertationsprojekts soll dieser Entscheidungsraum ge\u00f6ffnet werden und die Erfahrungen mit dieser \u00a0experimentellen Anordnung analysiert und er\u00f6rtert werden.<\/p>\n","protected":false},"excerpt":{"rendered":"<p>JA NEIN VIELLEICHT<\/p>\n","protected":false},"author":2,"featured_media":0,"comment_status":"closed","ping_status":"closed","sticky":false,"template":"","format":"standard","meta":[],"categories":[8],"tags":[],"_links":{"self":[{"href":"http:\/\/www.versammlung-und-teilhabe.de\/cms\/wp-json\/wp\/v2\/posts\/1124"}],"collection":[{"href":"http:\/\/www.versammlung-und-teilhabe.de\/cms\/wp-json\/wp\/v2\/posts"}],"about":[{"href":"http:\/\/www.versammlung-und-teilhabe.de\/cms\/wp-json\/wp\/v2\/types\/post"}],"author":[{"embeddable":true,"href":"http:\/\/www.versammlung-und-teilhabe.de\/cms\/wp-json\/wp\/v2\/users\/2"}],"replies":[{"embeddable":true,"href":"http:\/\/www.versammlung-und-teilhabe.de\/cms\/wp-json\/wp\/v2\/comments?post=1124"}],"version-history":[{"count":3,"href":"http:\/\/www.versammlung-und-teilhabe.de\/cms\/wp-json\/wp\/v2\/posts\/1124\/revisions"}],"predecessor-version":[{"id":1126,"href":"http:\/\/www.versammlung-und-teilhabe.de\/cms\/wp-json\/wp\/v2\/posts\/1124\/revisions\/1126"}],"wp:attachment":[{"href":"http:\/\/www.versammlung-und-teilhabe.de\/cms\/wp-json\/wp\/v2\/media?parent=1124"}],"wp:term":[{"taxonomy":"category","embeddable":true,"href":"http:\/\/www.versammlung-und-teilhabe.de\/cms\/wp-json\/wp\/v2\/categories?post=1124"},{"taxonomy":"post_tag","embeddable":true,"href":"http:\/\/www.versammlung-und-teilhabe.de\/cms\/wp-json\/wp\/v2\/tags?post=1124"}],"curies":[{"name":"wp","href":"https:\/\/api.w.org\/{rel}","templated":true}]}}