{"id":1089,"date":"2013-04-11T07:31:07","date_gmt":"2013-04-11T06:31:07","guid":{"rendered":"http:\/\/www.versammlung-und-teilhabe.de\/cms\/?p=1089"},"modified":"2013-04-11T07:34:47","modified_gmt":"2013-04-11T06:34:47","slug":"verstarkung-sprechworkshop-mit-sylvi-kretzschmar","status":"publish","type":"post","link":"http:\/\/www.versammlung-und-teilhabe.de\/cms\/verstarkung-sprechworkshop-mit-sylvi-kretzschmar\/","title":{"rendered":"VERST\u00c4RKUNG! \u2013  Sprechen in der \u00d6ffentlichkeit"},"content":{"rendered":"<h1>VERST\u00c4RKUNG! \u2013\u00a0 Sprechen in der \u00d6ffentlichkeit<\/h1>\n<p>Im Sprechworkshop von Petra Barz und Sylvi Kretzschmar geht es darum, sich in einem gesch\u00fctzten Raum auszuprobieren und voneinander zu lernen. Dabei k\u00f6nnen Redebeitr\u00e4ge, Slogans und Statements f\u00fcr die Euromayday-Parade 2013 entwickelt werden.<\/p>\n<p>Sonntag, 21.April, 11-17h<br \/>\nim BUTTCLUB (Hafenstra\u00dfe 126 Hamburg)<\/p>\n<p>***Agitieren (ital. Agitare ): sch\u00fctteln, schwenken, aufwiegeln, \u00fcbertragen***<\/p>\n","protected":false},"excerpt":{"rendered":"<p>VERST\u00c4RKUNG! \u2013\u00a0 Sprechen in der \u00d6ffentlichkeit Im Sprechworkshop von Petra Barz und Sylvi Kretzschmar geht es darum, sich in einem gesch\u00fctzten Raum auszuprobieren und voneinander zu lernen. Dabei k\u00f6nnen Redebeitr\u00e4ge, Slogans und Statements f\u00fcr die Euromayday-Parade 2013 entwickelt werden. Sonntag, &hellip; <a href=\"http:\/\/www.versammlung-und-teilhabe.de\/cms\/verstarkung-sprechworkshop-mit-sylvi-kretzschmar\/\">Weiterlesen <span class=\"meta-nav\">&rarr;<\/span><\/a><\/p>\n","protected":false},"author":3,"featured_media":0,"comment_status":"closed","ping_status":"closed","sticky":false,"template":"","format":"standard","meta":[],"categories":[6],"tags":[],"_links":{"self":[{"href":"http:\/\/www.versammlung-und-teilhabe.de\/cms\/wp-json\/wp\/v2\/posts\/1089"}],"collection":[{"href":"http:\/\/www.versammlung-und-teilhabe.de\/cms\/wp-json\/wp\/v2\/posts"}],"about":[{"href":"http:\/\/www.versammlung-und-teilhabe.de\/cms\/wp-json\/wp\/v2\/types\/post"}],"author":[{"embeddable":true,"href":"http:\/\/www.versammlung-und-teilhabe.de\/cms\/wp-json\/wp\/v2\/users\/3"}],"replies":[{"embeddable":true,"href":"http:\/\/www.versammlung-und-teilhabe.de\/cms\/wp-json\/wp\/v2\/comments?post=1089"}],"version-history":[{"count":3,"href":"http:\/\/www.versammlung-und-teilhabe.de\/cms\/wp-json\/wp\/v2\/posts\/1089\/revisions"}],"predecessor-version":[{"id":1091,"href":"http:\/\/www.versammlung-und-teilhabe.de\/cms\/wp-json\/wp\/v2\/posts\/1089\/revisions\/1091"}],"wp:attachment":[{"href":"http:\/\/www.versammlung-und-teilhabe.de\/cms\/wp-json\/wp\/v2\/media?parent=1089"}],"wp:term":[{"taxonomy":"category","embeddable":true,"href":"http:\/\/www.versammlung-und-teilhabe.de\/cms\/wp-json\/wp\/v2\/categories?post=1089"},{"taxonomy":"post_tag","embeddable":true,"href":"http:\/\/www.versammlung-und-teilhabe.de\/cms\/wp-json\/wp\/v2\/tags?post=1089"}],"curies":[{"name":"wp","href":"https:\/\/api.w.org\/{rel}","templated":true}]}}