{"id":1080,"date":"2013-04-05T14:34:43","date_gmt":"2013-04-05T13:34:43","guid":{"rendered":"http:\/\/www.versammlung-und-teilhabe.de\/cms\/?p=1080"},"modified":"2013-04-05T14:42:41","modified_gmt":"2013-04-05T13:42:41","slug":"stefanie-lorey-halt-eroffnungsvortrag","status":"publish","type":"post","link":"http:\/\/www.versammlung-und-teilhabe.de\/cms\/stefanie-lorey-halt-eroffnungsvortrag\/","title":{"rendered":"Stefanie Lorey h\u00e4lt Er\u00f6ffnungsvortrag"},"content":{"rendered":"<h1>Stefanie Lorey h\u00e4lt Er\u00f6ffnungsvortrag<\/h1>\n<p>Im Rahmen der Ausstellungser\u00f6ffnung <a href=\"http:\/\/www.afip-hessen.de\/termine.html\">&#8222;collecting identity &#8211; Sammeln als k\u00fcnstlerische Methode&#8220;<\/a> h\u00e4lt Stefanie Lorey den Er\u00f6ffungsvortrag zum Begriff des Sammelns<br \/>\nals k\u00fcnstlerische Methode und Darstellungsform.<\/p>\n<p>Samstag, den 6. April \/ 20h<br \/>\nafip &#8211; akademie f\u00fcr interdisziplin\u00e4re prozesse \/ Offenbach am Main<\/p>\n","protected":false},"excerpt":{"rendered":"<p>Stefanie Lorey h\u00e4lt Er\u00f6ffnungsvortrag Im Rahmen der Ausstellungser\u00f6ffnung &#8222;collecting identity &#8211; Sammeln als k\u00fcnstlerische Methode&#8220; h\u00e4lt Stefanie Lorey den Er\u00f6ffungsvortrag zum Begriff des Sammelns als k\u00fcnstlerische Methode und Darstellungsform. Samstag, den 6. April \/ 20h afip &#8211; akademie f\u00fcr interdisziplin\u00e4re &hellip; <a href=\"http:\/\/www.versammlung-und-teilhabe.de\/cms\/stefanie-lorey-halt-eroffnungsvortrag\/\">Weiterlesen <span class=\"meta-nav\">&rarr;<\/span><\/a><\/p>\n","protected":false},"author":3,"featured_media":0,"comment_status":"closed","ping_status":"closed","sticky":false,"template":"","format":"standard","meta":[],"categories":[6],"tags":[],"_links":{"self":[{"href":"http:\/\/www.versammlung-und-teilhabe.de\/cms\/wp-json\/wp\/v2\/posts\/1080"}],"collection":[{"href":"http:\/\/www.versammlung-und-teilhabe.de\/cms\/wp-json\/wp\/v2\/posts"}],"about":[{"href":"http:\/\/www.versammlung-und-teilhabe.de\/cms\/wp-json\/wp\/v2\/types\/post"}],"author":[{"embeddable":true,"href":"http:\/\/www.versammlung-und-teilhabe.de\/cms\/wp-json\/wp\/v2\/users\/3"}],"replies":[{"embeddable":true,"href":"http:\/\/www.versammlung-und-teilhabe.de\/cms\/wp-json\/wp\/v2\/comments?post=1080"}],"version-history":[{"count":5,"href":"http:\/\/www.versammlung-und-teilhabe.de\/cms\/wp-json\/wp\/v2\/posts\/1080\/revisions"}],"predecessor-version":[{"id":1083,"href":"http:\/\/www.versammlung-und-teilhabe.de\/cms\/wp-json\/wp\/v2\/posts\/1080\/revisions\/1083"}],"wp:attachment":[{"href":"http:\/\/www.versammlung-und-teilhabe.de\/cms\/wp-json\/wp\/v2\/media?parent=1080"}],"wp:term":[{"taxonomy":"category","embeddable":true,"href":"http:\/\/www.versammlung-und-teilhabe.de\/cms\/wp-json\/wp\/v2\/categories?post=1080"},{"taxonomy":"post_tag","embeddable":true,"href":"http:\/\/www.versammlung-und-teilhabe.de\/cms\/wp-json\/wp\/v2\/tags?post=1080"}],"curies":[{"name":"wp","href":"https:\/\/api.w.org\/{rel}","templated":true}]}}