{"id":1058,"date":"2013-04-17T15:27:39","date_gmt":"2013-04-17T14:27:39","guid":{"rendered":"http:\/\/www.versammlung-und-teilhabe.de\/cms\/?p=1058"},"modified":"2013-04-17T15:30:51","modified_gmt":"2013-04-17T14:30:51","slug":"versammlungen-vol-1","status":"publish","type":"post","link":"http:\/\/www.versammlung-und-teilhabe.de\/cms\/versammlungen-vol-1\/","title":{"rendered":"Versammlungen Vol. 1"},"content":{"rendered":"<h1>Versammlungen Vol. 1<\/h1>\n<p>Am 8. und \u00a012.\u201317. Mai 2013 werden erstmalig die Forschungsprojekte des k\u00fcnstlerisch-wissenschaftlichen Graduiertenkollegs \u201eVersammlung und Teilhabe: Urbane \u00d6ffentlichkeiten und performative K\u00fcnste\u201c \u00f6ffentlich pr\u00e4sentiert &#8211; in einer Vielzahl von Formaten: Workshops, Spiele, Lecture Performances, Rund- und Spazierg\u00e4nge, Symposien, Filmabende, usw.<\/p>\n<p>Mehr Informationen und detailliertes Programm:<\/p>\n<p><a href=\"http:\/\/www.versammlung-und-teilhabe.de\/cms\/wp-content\/uploads\/2013\/03\/Versammlungen_VOL15.pdf\"><img loading=\"lazy\" class=\"alignleft  wp-image-1076\" title=\"Bildschirmfoto 2013-04-02 um 17.58.40\" src=\"http:\/\/www.versammlung-und-teilhabe.de\/cms\/wp-content\/uploads\/2013\/04\/Bildschirmfoto-2013-04-02-um-17.58.40.png\" alt=\"\" width=\"209\" height=\"71\" srcset=\"http:\/\/www.versammlung-und-teilhabe.de\/cms\/wp-content\/uploads\/2013\/04\/Bildschirmfoto-2013-04-02-um-17.58.40.png 348w, http:\/\/www.versammlung-und-teilhabe.de\/cms\/wp-content\/uploads\/2013\/04\/Bildschirmfoto-2013-04-02-um-17.58.40-300x102.png 300w\" sizes=\"(max-width: 209px) 100vw, 209px\" \/><\/a><\/p>\n","protected":false},"excerpt":{"rendered":"<p>Versammlungen Vol. 1 Am 8. und \u00a012.\u201317. Mai 2013 werden erstmalig die Forschungsprojekte des k\u00fcnstlerisch-wissenschaftlichen Graduiertenkollegs \u201eVersammlung und Teilhabe: Urbane \u00d6ffentlichkeiten und performative K\u00fcnste\u201c \u00f6ffentlich pr\u00e4sentiert &#8211; in einer Vielzahl von Formaten: Workshops, Spiele, Lecture Performances, Rund- und Spazierg\u00e4nge, Symposien, &hellip; <a href=\"http:\/\/www.versammlung-und-teilhabe.de\/cms\/versammlungen-vol-1\/\">Weiterlesen <span class=\"meta-nav\">&rarr;<\/span><\/a><\/p>\n","protected":false},"author":2,"featured_media":0,"comment_status":"closed","ping_status":"closed","sticky":false,"template":"","format":"standard","meta":[],"categories":[6,3],"tags":[],"_links":{"self":[{"href":"http:\/\/www.versammlung-und-teilhabe.de\/cms\/wp-json\/wp\/v2\/posts\/1058"}],"collection":[{"href":"http:\/\/www.versammlung-und-teilhabe.de\/cms\/wp-json\/wp\/v2\/posts"}],"about":[{"href":"http:\/\/www.versammlung-und-teilhabe.de\/cms\/wp-json\/wp\/v2\/types\/post"}],"author":[{"embeddable":true,"href":"http:\/\/www.versammlung-und-teilhabe.de\/cms\/wp-json\/wp\/v2\/users\/2"}],"replies":[{"embeddable":true,"href":"http:\/\/www.versammlung-und-teilhabe.de\/cms\/wp-json\/wp\/v2\/comments?post=1058"}],"version-history":[{"count":29,"href":"http:\/\/www.versammlung-und-teilhabe.de\/cms\/wp-json\/wp\/v2\/posts\/1058\/revisions"}],"predecessor-version":[{"id":1073,"href":"http:\/\/www.versammlung-und-teilhabe.de\/cms\/wp-json\/wp\/v2\/posts\/1058\/revisions\/1073"}],"wp:attachment":[{"href":"http:\/\/www.versammlung-und-teilhabe.de\/cms\/wp-json\/wp\/v2\/media?parent=1058"}],"wp:term":[{"taxonomy":"category","embeddable":true,"href":"http:\/\/www.versammlung-und-teilhabe.de\/cms\/wp-json\/wp\/v2\/categories?post=1058"},{"taxonomy":"post_tag","embeddable":true,"href":"http:\/\/www.versammlung-und-teilhabe.de\/cms\/wp-json\/wp\/v2\/tags?post=1058"}],"curies":[{"name":"wp","href":"https:\/\/api.w.org\/{rel}","templated":true}]}}